{"id":5150,"date":"2022-01-21T13:33:08","date_gmt":"2022-01-21T18:33:08","guid":{"rendered":"https:\/\/www.bu.edu\/sequitur\/?p=5150"},"modified":"2022-05-19T15:07:28","modified_gmt":"2022-05-19T19:07:28","slug":"editors-introduction-8-1","status":"publish","type":"post","link":"https:\/\/www.bu.edu\/sequitur\/2022\/01\/21\/editors-introduction-8-1\/","title":{"rendered":"Editor\u2019s Introduction"},"content":{"rendered":"<p><strong>by Juli\u00e1n Serna<sup><span>1<\/span><\/sup><\/strong><\/p>\n<figure id=\"attachment5394\" aria-describedby=\"caption-attachment5394\" style=\"width: 646px\" class=\"wp-caption aligncenter\"><img loading=\"lazy\" src=\"\/sequitur\/files\/2022\/01\/Un-Penitente-Large_edited-crop-636x393.jpg\" alt=\"\" width=\"636\" height=\"393\" class=\"wp-image-5394 size-medium\" srcset=\"https:\/\/www.bu.edu\/sequitur\/files\/2022\/01\/Un-Penitente-Large_edited-crop-636x393.jpg 636w, https:\/\/www.bu.edu\/sequitur\/files\/2022\/01\/Un-Penitente-Large_edited-crop-1024x633.jpg 1024w, https:\/\/www.bu.edu\/sequitur\/files\/2022\/01\/Un-Penitente-Large_edited-crop-768x475.jpg 768w, https:\/\/www.bu.edu\/sequitur\/files\/2022\/01\/Un-Penitente-Large_edited-crop.jpg 1289w\" sizes=\"(max-width: 636px) 100vw, 636px\" \/><figcaption id=\"caption-attachment5394\" class=\"wp-caption-text\">Figure 1. Alfredo Gre\u00f1as. <em>Un penitente<\/em> (1892). El Barbero n\u00b0 5 (April 24, 1892): 1. Biblioteca Nacional de Colombia. Photo by the author, 2021.<\/figcaption><\/figure>\n<p>In 1892, the Colombian political cartoonist Alfredo Gre\u00f1as (1852\u20131949) published the back of an engraving plate as a sign of protest for the government censorship of his work (fig. 1).<sup><span>2 <\/span><\/sup><em>Un penitente<\/em> (A penitent), a monochrome print with Catholic undertones in its title, is a testimony of how images not only represent the external world but function as active agents that allow us to understand our experience of reality. The image marks the immediate aftershock of a traumatic experience by representing a distressing act of censorship that vividly describes daily life in Colombia under the conservative dictatorship of the last decade of the nineteenth century. In this case, the author explains in the image caption that the print he prepared for the fifth issue of his newspaper, <em>El Barbero<\/em>, could not be published as the editorial board was forced to directly impose the government\u2019s prohibition on the distribution of satirical images.<sup><span>3<\/span><\/sup>\u00a0Even though at that moment no laws were censoring the free press, the police directly threatened Gre\u00f1as with severe penalties. In response to this illegal official repression, the cartoonist denounced this silencing by depicting an eloquent image of the censoring act.<sup><span>4<\/span><\/sup><\/p>\n<p>Gre\u00f1as\u2019s absent image of a penitent comes to mind when thinking about trauma and the role of art in actively constructing an aftershock of this censoring event. Only through representations of traumatic experiences can memories of such occurrences be articulated in the present. By visualizing the official suppression via a public image, Gre\u00f1as made the space to have a critical distance from the violent act through its narration.<sup><span>5<\/span><\/sup> Only through this suggestive depiction of the official silencing do we know about this event today, as we are able to imagine the violence<span>\u00a0<\/span>of the Latin-American strongmen governing the different countries of the hemisphere in the second half of the nineteenth century. My republishing of Gre\u00f1as\u2019s eloquent silence is a small homage to the harsh experiences we have collectively felt since the start of the COVID-19 pandemic: an ongoing series of events that seems so overwhelming that it eludes any satisfactory form of representation. Consequently, as we seek to engage with the convoluted and complex events of our recent past, looking back at earlier examples from different parts of the world can be a way for us to learn to confront the remains of a complicated and painful experience.<\/p>\n<p>The past two years have been difficult not only because of an ongoing pandemic but because we have been dealing with several other unfolding calamities, including climate change; the consequences of the withdrawal of the twenty-year military occupation of Afghanistan; the United States Capitol takeover during the transition of presidential power; and worldwide social and political unrest that locally has taken the form of the Black Lives Matter movement and other social justice movements. For many, these events have been painful experiences, while for others they may have fostered reevaluations of the importance of the social bonds that compose one\u2019s life. What is clear is that together we have experienced history in the making. Surely, it is not an understatement that the events related to a worldwide health crisis have affected us on a personal and a collective level. Consequently, many of us are asking: how will the experience of the past two years be remembered?<\/p>\n<p>As art historians, we need to think about the importance of images in these scenarios as the visual arts have a privileged position in the discussion of memory. Memory is not considered as providing authentic and verifiable access to the lived experience of the event, but it is a narration made in the present to engage with what previously happened. To form a memory is to build a representation of the event: a window that separates the lived experience from the present.<sup><span>6<\/span><\/sup>\u00a0Art as a form of representation has the potential to engage with trauma; it provides a means of reinvesting in new beginnings.<sup><span>7<\/span><\/sup><\/p>\n<p>For this issue of <em>SEQUITUR<\/em>, we invited perspectives on an urgent issue: the aftershock. As we try to process the experiences of the past two years, the question now centers around the impact of these events. How can we know when the COVID-19 pandemic will be a thing of the past? How can we re-engage with daily life as new variants of the virus continue to emerge? And, how do we learn to live with its effects? What have we absorbed from the social movements that surfaced in response to political unrest? How are we and generations to come going to remember the lessons learned and the lives lost? What teachings from the past can we look back on to confront the remains of a painful experience? And from the perspective of our journal: what knowledge can we find in the discipline of art history to think through these questions?<\/p>\n<p>Back in September, when we sent out the call for papers, it seemed that we finally had a handle on the pandemic while we were processing the social and political unrest parallel to this crisis. This issue was intended to reflect on the aftershock of the health crisis. However, the emergence and spread of the Omicron variant has proved that this is an ongoing matter with which we are still learning to live. The contributions of the seven authors selected for this issue attest that the issues related to the general notion of the aftershock are far more encompassing. Three of these authors directly address the experience of living through a pandemic, whether through the lens of disability studies, the personal experiences of family separation amidst international border closures, or a historical comparison with depictions of isolation in the seventeenth century. Another considers questions of heritage preservation in response to climate change catastrophes. Other contributions focus on colonial legacies and their consequences around the world as they relate to contemporary indigenous communities, the transatlantic slave trade, and violent repressive events related to imperial power, racial and ethno-nationalist conflicts.<\/p>\n<p><strong>Jake Matthews<\/strong> opens our issue with a feature essay that explores the Karrabing Film Collective\u2019s <em>Wutharr, Saltwater Dreams<\/em> (2016). Matthews examines the film\u2019s ontological distinctions between the binaries of things living and non-living, as well as human and non-human. Matthews studies how the Indigenous collective engages with this distinction not only through their choice of narrative but in their selected medium. The author discusses how the present-day Indigenous communities of Australia navigate the long legacy of settler colonialism.<\/p>\n<p>The second feature essay is by <strong>Madison Whitaker<\/strong> and focuses on the work of the contemporary artist Park McArthur, particularly her 2013 installation <em>During the Month of August Essex Street will be Closed. <\/em>The author engages in a discussion with disability scholars and activists to recognize how care work fosters social connection and social justice. It offers a reflection on how to start thinking about ways to better support ourselves and one another in the aftermath of the COVID-19 pandemic.<\/p>\n<p>The artistic work of Illinois-based Ghanaian artist <strong>Japheth Asiedu-Kwarteng<\/strong> is presented in a visual essay. Inspired by Kente cloth of the Asante and Ewe weavers, the artist\u2019s mixed-media sculptures function as a personal visual vocabulary through which to communicate Asiedu-Kwarteng\u2019s experience of living in the United States during the COVID-19 pandemic. Asiedu-Kwarteng sees his three-dimensional works as a means to process his family\u2019s pain due to his absence from Ghana.<\/p>\n<p><strong>Heather Burich<\/strong>\u2019s research spotlight focuses on the author\u2019s thesis project about cultural heritage protection for art museums that are threatened by climate change and natural catastrophes. Taking three case studies from New Orleans\u2014the New Orleans Museum of Art, the Ogden Museum of Southern Art, and the New Orleans African American Museum\u2014Burich argues that museums need to review their approach to collections management in the light of increasingly frequent natural disasters. The author asks how and what these organizations have learned from their experiences of disaster preparedness, mitigation, response, and recovery of cultural heritage.<\/p>\n<p>The issue features three exhibition reviews that relate to our theme of aftershock, as well. Firstly, <strong>Colleen Foran\u00a0<\/strong>discusses the works presented by Firelei B\u00e1ez and Stephen Hamilton at the ICA Watershed in Boston. The author explores the dialogue between these exhibitions through the color indigo and reflects on the material legacies of the transatlantic slave trade. As Foran argues, the worldwide dispersal of indigo fabric and its production connects millions of kidnapped and enslaved Africans to the Americas and the Caribbean.<\/p>\n<p>Secondly, <strong>Hailey Chomos<\/strong> reviews the exhibition <em>Studies in Solitude<\/em> at the Agnes Etherington Art Centre in Ontario (Canada). Curated by Dr. Suzanne van de Meerendonk, the show contextualizes the experience of pandemic isolation within historic representations of solitude in seventeenth-century Dutch paintings. As Chomos explains, the exhibition invites us to renew our appreciation for these paintings by connecting Early Modern depictions of solitude with our newly-defined relationship with isolation.<\/p>\n<p>Finally, <strong>Max Gruber<\/strong> reviews Glenn Kaino\u2019s <em>In the Light of a Shadow<\/em>, on view at MASS MoCA, discussing the installation\u2019s engagement with our contemporary experience in relation to the self-destructive tendencies of British imperial power and climate change. The installation connects international protest movements and the legacy of violently repressive episodes to explore broader themes of protest, exploitation, and resilience.<\/p>\n<p>As we think through the questions associated with the aftershock of experiencing these histories in the making, and what the future may hold in store, we would like to thank the authors who contributed to this issue of <em>SEQUITUR<\/em>. Their contributions provide a range of different approaches to the question of aftershock and speak to the complexities of building (and preserving) a unified image of what we have collectively experienced in the recent past. Although we may wish we had grappled more effectively with various incidents in the moment of their occurrence, by commemorating the aftershock we can learn from Alfredo Gre\u00f1as and process traumatic events through artistic means and regenerative acts.<\/p>\n<p><a href=\"applewebdata:\/\/C9B51591-5C89-431A-B5C1-895014200B87#_ftnref1\" name=\"_ftn1\"><sup><span><\/span><\/sup><\/a><em><\/em><\/p>\n<p><span lang=\"EN\">____________________<\/span><\/p>\n<p><span><strong>Juli\u00e1n Serna<\/strong> is a PhD Candidate studying Latin American Art of the 19th and 20th centuries. He is currently working on the relation between the private Arts Academies of Paris and the emergence of the official Art Academies Latin American between 1870 and 1900. Before joining Boston University, he was working as a curator on several projects in his home country, Colombia. He has worked as the chief curator of the Art Collection of the National Museum of Colombia, the exhibition coordinator of Bogota\u2019s contemporary art Kunsthalle, the Galeria Santa Fe, and as advisor of the Visual Arts Office of the Bogota Institute of Arts (IDARTES).<\/span><\/p>\n<p><span lang=\"EN\">____________________<\/span><\/p>\n<h4>Footnotes<a href=\"applewebdata:\/\/C9B51591-5C89-431A-B5C1-895014200B87#_ftnref1\" name=\"_ftn1\"><sup><span><\/span><\/sup><\/a><\/h4>\n<p>1.\u00a0I want to take this opportunity to thank Professor Melanie Hall and my fellow editors at <em>SEQUITUR<\/em> for their comments and contributions to this editorial note.<\/p>\n<p>2.\u00a0Born in Colombia in 1853, Alfredo Gre\u00f1as was an engraver and a political cartoonist who died in exile in Costa Rica in 1949. He was the founder and editor of several liberal newspapers critical to the Colombian government which was famous for his militant illustrations. After experiencing the forced closure of his publications, and shortly after the publishing of this image, he was condemned to exile in 1892. During the period of his relocation in Costa Rica, he acquired a printing press in the city of San Juan while he worked for the diary <em>La Presa Libre<\/em>.<span>\u00a0\u00a0\u00a0\u00a0\u00a0\u00a0 <\/span><\/p>\n<p>3.\u00a0Alfredo Gre\u00f1as, <em>Un penitente<\/em> (1892). <em>El Barbero<\/em> n\u00b0 5 (April 24, 1892): 1.<\/p>\n<p>4.\u00a0Beatriz Gonzalez Aranda, \u201cGrafica Critica entre 1886 y 1900,\u201d in <em>Miguel Antonio Caro y la cultura de su \u00e9poca<\/em>, ed. Rub\u00e9n Sierra Mej\u00eda (Bogot\u00e1: Universidad Nacional de Colombia, 2002), 279-317.<\/p>\n<p>5.\u00a0Dominick LaCapra, <em>Writing History, Writing Trauma<\/em> (Baltimore, London: John Hopkins University Press, 2001).<\/p>\n<p>6.\u00a0Aleida Assmann, <em>Cultural Memory and Western Civilization<\/em> (Cambridge: Cambridge University Press, 2011).<\/p>\n<p>7.\u00a0LaCapra, <em>Writing History.<\/em><\/p>\n","protected":false},"excerpt":{"rendered":"<p>by Juli\u00e1n Serna1 In 1892, the Colombian political cartoonist Alfredo Gre\u00f1as (1852\u20131949) published the back of an engraving plate as a sign of protest for the government censorship of his work (fig. 1).2 Un penitente (A penitent), a monochrome print with Catholic undertones in its title, is a testimony of how images not only represent [&hellip;]<\/p>\n","protected":false},"author":18909,"featured_media":0,"comment_status":"closed","ping_status":"open","sticky":false,"template":"","format":"standard","meta":[],"categories":[18],"tags":[],"_links":{"self":[{"href":"https:\/\/www.bu.edu\/sequitur\/wp-json\/wp\/v2\/posts\/5150"}],"collection":[{"href":"https:\/\/www.bu.edu\/sequitur\/wp-json\/wp\/v2\/posts"}],"about":[{"href":"https:\/\/www.bu.edu\/sequitur\/wp-json\/wp\/v2\/types\/post"}],"author":[{"embeddable":true,"href":"https:\/\/www.bu.edu\/sequitur\/wp-json\/wp\/v2\/users\/18909"}],"replies":[{"embeddable":true,"href":"https:\/\/www.bu.edu\/sequitur\/wp-json\/wp\/v2\/comments?post=5150"}],"version-history":[{"count":14,"href":"https:\/\/www.bu.edu\/sequitur\/wp-json\/wp\/v2\/posts\/5150\/revisions"}],"predecessor-version":[{"id":5437,"href":"https:\/\/www.bu.edu\/sequitur\/wp-json\/wp\/v2\/posts\/5150\/revisions\/5437"}],"wp:attachment":[{"href":"https:\/\/www.bu.edu\/sequitur\/wp-json\/wp\/v2\/media?parent=5150"}],"wp:term":[{"taxonomy":"category","embeddable":true,"href":"https:\/\/www.bu.edu\/sequitur\/wp-json\/wp\/v2\/categories?post=5150"},{"taxonomy":"post_tag","embeddable":true,"href":"https:\/\/www.bu.edu\/sequitur\/wp-json\/wp\/v2\/tags?post=5150"}],"curies":[{"name":"wp","href":"https:\/\/api.w.org\/{rel}","templated":true}]}}