{"id":18262,"date":"2019-04-03T01:01:01","date_gmt":"2019-04-03T05:01:01","guid":{"rendered":"https:\/\/www.bu.edu\/rs\/?p=18262"},"modified":"2019-03-28T16:21:10","modified_gmt":"2019-03-28T20:21:10","slug":"hisp-doctoral-students-present-in-el-paso","status":"publish","type":"post","link":"https:\/\/www.bu.edu\/rs\/2019\/04\/03\/hisp-doctoral-students-present-in-el-paso\/","title":{"rendered":"HISP Doctoral Students Present in El Paso"},"content":{"rendered":"<figure id=\"attachment_18263\" aria-describedby=\"caption-attachment-18263\" style=\"width: 646px\" class=\"wp-caption alignnone\"><a href=\"\/rs\/files\/2019\/03\/El-Paso-2019.jpg\"><img loading=\"lazy\" src=\"\/rs\/files\/2019\/03\/El-Paso-2019-636x387.jpg\" alt=\"Photo of Edgardo Tormos, Sarai Garcia, and Jose Nogales in El Paso\" width=\"636\" height=\"387\" class=\"size-medium wp-image-18263\" srcset=\"https:\/\/www.bu.edu\/rs\/files\/2019\/03\/El-Paso-2019-636x387.jpg 636w, https:\/\/www.bu.edu\/rs\/files\/2019\/03\/El-Paso-2019-768x467.jpg 768w, https:\/\/www.bu.edu\/rs\/files\/2019\/03\/El-Paso-2019-1024x622.jpg 1024w, https:\/\/www.bu.edu\/rs\/files\/2019\/03\/El-Paso-2019.jpg 1596w\" sizes=\"(max-width: 636px) 100vw, 636px\" \/><\/a><figcaption id=\"caption-attachment-18263\" class=\"wp-caption-text\">From Left: Edgardo Tormos Bigles, Sarai Garcia Santos, and Jos\u00e9 Nogales Baena<\/figcaption><\/figure>\n<p><a href=\"https:\/\/www.bu.edu\/rs\/profile\/edgardo-tormos-bigles\/\">Edgardo Tormos Bigles<\/a>, <a href=\"https:\/\/www.bu.edu\/rs\/profile\/sarai-garcia\/\">Sarai Garcia Santos<\/a>, and <a href=\"https:\/\/www.bu.edu\/rs\/profile\/jose-luis-nogales-baena\/\">Jos\u00e9 Nogales Baena<\/a>, all doctoral students in our Hispanic Language &amp; Literatures program, presented at this year&#8217;s XXIV Congreso de Literatura Mexicana Contempor\u00e1nea, in El Paso, Texas.<!--more--><\/p>\n<p>All three were on a panel titled &#8220;Intelectuales en los medios:\u00a0 Del M\u00e9xico de la Revoluci\u00f3n al de la Guerra Fr\u00eda&#8221;<span class=\"s1\">\u00a0(\u201cIntellectuals in the Media: From the Mexico of the Revolution to the Cold War\u201d).\u00a0<\/span>Each of them reflected on the role of Mexican intellectuals at some key point in the history of the country: the Revolution, the conformation of the post-revolutionary state, and Mexico in the period immediately after the Second World War.<\/p>\n<p>&nbsp;<\/p>\n<p>&nbsp;<\/p>\n","protected":false},"excerpt":{"rendered":"<p>Edgardo Tormos Bigles, Sarai Garcia Santos, and Jos\u00e9 Nogales Baena, all doctoral students in our Hispanic Language &amp; Literatures program, presented at this year&#8217;s XXIV Congreso de Literatura Mexicana Contempor\u00e1nea, in El Paso, Texas.<\/p>\n","protected":false},"author":1714,"featured_media":0,"comment_status":"closed","ping_status":"open","sticky":false,"template":"","format":"standard","meta":[],"categories":[16403,1],"tags":[],"_links":{"self":[{"href":"https:\/\/www.bu.edu\/rs\/wp-json\/wp\/v2\/posts\/18262"}],"collection":[{"href":"https:\/\/www.bu.edu\/rs\/wp-json\/wp\/v2\/posts"}],"about":[{"href":"https:\/\/www.bu.edu\/rs\/wp-json\/wp\/v2\/types\/post"}],"author":[{"embeddable":true,"href":"https:\/\/www.bu.edu\/rs\/wp-json\/wp\/v2\/users\/1714"}],"replies":[{"embeddable":true,"href":"https:\/\/www.bu.edu\/rs\/wp-json\/wp\/v2\/comments?post=18262"}],"version-history":[{"count":3,"href":"https:\/\/www.bu.edu\/rs\/wp-json\/wp\/v2\/posts\/18262\/revisions"}],"predecessor-version":[{"id":18267,"href":"https:\/\/www.bu.edu\/rs\/wp-json\/wp\/v2\/posts\/18262\/revisions\/18267"}],"wp:attachment":[{"href":"https:\/\/www.bu.edu\/rs\/wp-json\/wp\/v2\/media?parent=18262"}],"wp:term":[{"taxonomy":"category","embeddable":true,"href":"https:\/\/www.bu.edu\/rs\/wp-json\/wp\/v2\/categories?post=18262"},{"taxonomy":"post_tag","embeddable":true,"href":"https:\/\/www.bu.edu\/rs\/wp-json\/wp\/v2\/tags?post=18262"}],"curies":[{"name":"wp","href":"https:\/\/api.w.org\/{rel}","templated":true}]}}