{"id":131613,"date":"2026-08-25T18:04:00","date_gmt":"2026-08-25T22:04:00","guid":{"rendered":"https:\/\/www.bu.edu\/cfa\/?post_type=bu-article&#038;p=131613"},"modified":"2026-09-01T09:40:04","modified_gmt":"2026-09-01T13:40:04","slug":"arts-central","status":"publish","type":"bu-article","link":"https:\/\/www.bu.edu\/cfa\/news\/articles\/2026\/arts-central\/","title":{"rendered":"Discover the Arts at Boston University This Year"},"content":{"rendered":"\t<div class=\"wp-block-editorial-leadin news-block-editorial-leadin is-style-emphasis-on-text has-media has-box has-media-focus-center-middle has-quaternary-theme\">\n\t\t<div class=\"container-lockup\">\n\n\t\t\t<div class=\"wp-block-leadin-media\">\n\t\t\t\t\n\t\t\t\t<img width=\"5291\" height=\"3527\" src=\"\/cfa\/files\/2026\/08\/22-1623-AERIAL-953.jpg\" class=\"\" alt=\"\" loading=\"lazy\" srcset=\"https:\/\/www.bu.edu\/cfa\/files\/2026\/08\/22-1623-AERIAL-953.jpg 5291w, https:\/\/www.bu.edu\/cfa\/files\/2026\/08\/22-1623-AERIAL-953-636x424.jpg 636w, https:\/\/www.bu.edu\/cfa\/files\/2026\/08\/22-1623-AERIAL-953-1024x683.jpg 1024w, https:\/\/www.bu.edu\/cfa\/files\/2026\/08\/22-1623-AERIAL-953-768x512.jpg 768w, https:\/\/www.bu.edu\/cfa\/files\/2026\/08\/22-1623-AERIAL-953-1536x1024.jpg 1536w, https:\/\/www.bu.edu\/cfa\/files\/2026\/08\/22-1623-AERIAL-953-2048x1365.jpg 2048w, https:\/\/www.bu.edu\/cfa\/files\/2026\/08\/22-1623-AERIAL-953-1500x1000.jpg 1500w, https:\/\/www.bu.edu\/cfa\/files\/2026\/08\/22-1623-AERIAL-953-900x600.jpg 900w, https:\/\/www.bu.edu\/cfa\/files\/2026\/08\/22-1623-AERIAL-953-450x300.jpg 450w, https:\/\/www.bu.edu\/cfa\/files\/2026\/08\/22-1623-AERIAL-953-600x400.jpg 600w\" sizes=\"(max-width: 5291px) 100vw, 5291px\" \/>\n\t\t\t\t\t\t\t<\/div>\n\n\t\t\t\n\n\t\t\t\n\t\t\t\t<div class=\"container-words-outer\">\n\n\t\t\t\t\t\n\t\t\t\t\t<div class=\"container-words-inner\">\n\n\t\t\t\t\t\t\t\t\t\t\t\t\t\t<span class=\"wp-prepress-tag\">Music<\/span>\n\t\t\t\t\t\t\t\t<h1 class=\"head\">\n\t\t\t\t\t\t\t\t\t\t\t\t\t\t\t\t\tBU Arts Central\t\t\t\t\t\t\t\t\t\t\t\t\t\t\t<\/h1>\n\t\t\t\t\t\t\n\t\t\t\t\t\t\t\t\t\t\t\t\t<h4 class=\"deck\">Discover art, music, theatre, opera, workshops, lectures, and much more at Boston University! Scroll to find upcoming featured events, and check back as new ones are added throughout the year. These signature events are a sample of the wide world of the arts this year, and the full list can be found on the BU Calendar. Experience the heart of the arts here at BU.<\/h4>\n\t\t\t\t\t\t\n\t\t\t\t\t<\/div>\n\n\t\t\t\t<\/div>\n\n\t\t\t\n\t\t<\/div>\n\n\t\t\n\t<\/div>\n\n\t\n<div class=\"wp-prepress-component-metabar js-block-editorial-metabar news-prepress-layout-metabar wp-prepress-component-metabar-hide\">\n\t<div class=\"wp-prepress-component-metabar-wrapper\">\n\t\t\n\t\t\t\t<div class=\"wp-prepress-component-metabar-credits\">\n\t\t\t\t\t<\/div>\n\t\t\t\t<div class=\"wp-prepress-component-metabar-share js-bu-prepress-share-tools\">\n\t\t\t<span class=\"icon-twitter\"><span>Twitter<\/span><\/span>\n\t\t\t<span class=\"icon-facebook\"><span>Facebook<\/span><\/span>\n\t\t\t<span class=\"icon-action\"><\/span>\n\t\t<\/div>\n\t<\/div>\n<\/div>\n\n\t\n\n\n<h2 class=\"alignfull has-text-align-center has-white-color has-black-background-color has-text-color has-background\">Featured Arts Events<\/h2>\n\n\n\n<div class=\"wp-block-columns alignwide\">\n<div class=\"wp-block-column\">\n<div class=\"wp-block-cover has-background-dim\"><img loading=\"lazy\" width=\"1080\" height=\"1080\" class=\"wp-block-cover__image-background wp-image-111481\" alt=\"\" src=\"\/cfa\/files\/2024\/07\/808-Gallery-Boston-Printmakers-Show-9.jpg\" style=\"object-position:6% 49%\" data-object-fit=\"cover\" data-object-position=\"6% 49%\" srcset=\"https:\/\/www.bu.edu\/cfa\/files\/2024\/07\/808-Gallery-Boston-Printmakers-Show-9.jpg 1080w, https:\/\/www.bu.edu\/cfa\/files\/2024\/07\/808-Gallery-Boston-Printmakers-Show-9-636x636.jpg 636w, https:\/\/www.bu.edu\/cfa\/files\/2024\/07\/808-Gallery-Boston-Printmakers-Show-9-1024x1024.jpg 1024w, https:\/\/www.bu.edu\/cfa\/files\/2024\/07\/808-Gallery-Boston-Printmakers-Show-9-150x150.jpg 150w, https:\/\/www.bu.edu\/cfa\/files\/2024\/07\/808-Gallery-Boston-Printmakers-Show-9-768x768.jpg 768w, https:\/\/www.bu.edu\/cfa\/files\/2024\/07\/808-Gallery-Boston-Printmakers-Show-9-1000x1000.jpg 1000w, https:\/\/www.bu.edu\/cfa\/files\/2024\/07\/808-Gallery-Boston-Printmakers-Show-9-500x500.jpg 500w, https:\/\/www.bu.edu\/cfa\/files\/2024\/07\/808-Gallery-Boston-Printmakers-Show-9-550x550.jpg 550w, https:\/\/www.bu.edu\/cfa\/files\/2024\/07\/808-Gallery-Boston-Printmakers-Show-9-710x710.jpg 710w, https:\/\/www.bu.edu\/cfa\/files\/2024\/07\/808-Gallery-Boston-Printmakers-Show-9-300x300.jpg 300w, https:\/\/www.bu.edu\/cfa\/files\/2024\/07\/808-Gallery-Boston-Printmakers-Show-9-600x600.jpg 600w\" sizes=\"(max-width: 1080px) 100vw, 1080px\" \/><div class=\"wp-block-cover__inner-container\">\n<h4>Boston Printmakers 2026 North American Print Biennial<\/h4>\n\n\n\n<p><strong>September 2 &#8211; November 21, 2026<\/strong><\/p>\n\n\n\n<p><strong>808 Gallery<\/strong><\/p>\n\n\n\n<p class=\"has-small-font-size\">A broad array of contemporary prints and artist books, spanning traditional to contemporary and integrated media approaches. A companion show, <em>Throughlines: Contemporary Works in Print<\/em>, features work from artists on the Boston Printmakers Board and BU\u2019s MFA in Print Media and Photography program students.<\/p>\n\n\n\n<p><a class=\"wp-block-button wp-block-bu-button news-block-button has-secondary-theme is-style-default\" href=\"https:\/\/www.bu.edu\/cfa\/featured-work\/the-boston-printmakers-2026-north-american-print-biennial\/\">learn more<\/a><\/p>\n<\/div><\/div>\n\n\n\n<div style=\"height:7px\" aria-hidden=\"true\" class=\"wp-block-spacer\"><\/div>\n<\/div>\n\n\n\n<div class=\"wp-block-column\">\n<div class=\"wp-block-cover has-background-dim\"><img loading=\"lazy\" width=\"892\" height=\"972\" class=\"wp-block-cover__image-background wp-image-131484\" alt=\"\" src=\"\/cfa\/files\/2026\/06\/Donna-Ruff.jpeg\" data-object-fit=\"cover\" srcset=\"https:\/\/www.bu.edu\/cfa\/files\/2026\/06\/Donna-Ruff.jpeg 892w, https:\/\/www.bu.edu\/cfa\/files\/2026\/06\/Donna-Ruff-584x636.jpeg 584w, https:\/\/www.bu.edu\/cfa\/files\/2026\/06\/Donna-Ruff-768x837.jpeg 768w\" sizes=\"(max-width: 892px) 100vw, 892px\" \/><div class=\"wp-block-cover__inner-container\">\n<h4>Between the Bylines<\/h4>\n\n\n\n<p><strong><strong>September 2 &#8211; December 10, 2026<\/strong><\/strong><\/p>\n\n\n\n<p><strong><strong>Faye G., Jo, and James Stone Gallery<\/strong><\/strong><\/p>\n\n\n\n<p class=\"has-small-font-size\"><em><em>Between the Bylines, <\/em><\/em>curated by <strong>Susan Bright<\/strong>, investigates one crucial issue \u2013 that of absence. It looks at who gets represented in the newspaper and how that representation takes shape. <\/p>\n\n\n\n<p class=\"has-small-font-size\">It takes as its medium one that is disappearing, inviting the audience to contemplate issues of subjectivity, trust, and control in press coverage.<\/p>\n\n\n\n<p><\/p>\n\n\n\n<p><a class=\"wp-block-button wp-block-bu-button news-block-button has-quaternary-theme is-style-default\" href=\"https:\/\/www.bu.edu\/cfa\/featured-work\/between-the-bylines\/\">learn more<\/a><\/p>\n\n\n\n<div style=\"height:33px\" aria-hidden=\"true\" class=\"wp-block-spacer\"><\/div>\n<\/div><\/div>\n\n\n\n<div style=\"height:7px\" aria-hidden=\"true\" class=\"wp-block-spacer\"><\/div>\n<\/div>\n\n\n\n<div class=\"wp-block-column\">\n<div class=\"wp-block-cover has-background-dim\"><img loading=\"lazy\" width=\"1200\" height=\"1000\" class=\"wp-block-cover__image-background wp-image-132995\" alt=\"\" src=\"\/cfa\/files\/2026\/08\/BU-Office-for-the-Arts-1200x1000-1.jpg\" style=\"object-position:25% 51%\" data-object-fit=\"cover\" data-object-position=\"25% 51%\" srcset=\"https:\/\/www.bu.edu\/cfa\/files\/2026\/08\/BU-Office-for-the-Arts-1200x1000-1.jpg 1200w, https:\/\/www.bu.edu\/cfa\/files\/2026\/08\/BU-Office-for-the-Arts-1200x1000-1-636x530.jpg 636w, https:\/\/www.bu.edu\/cfa\/files\/2026\/08\/BU-Office-for-the-Arts-1200x1000-1-1024x853.jpg 1024w, https:\/\/www.bu.edu\/cfa\/files\/2026\/08\/BU-Office-for-the-Arts-1200x1000-1-768x640.jpg 768w, https:\/\/www.bu.edu\/cfa\/files\/2026\/08\/BU-Office-for-the-Arts-1200x1000-1-600x500.jpg 600w, https:\/\/www.bu.edu\/cfa\/files\/2026\/08\/BU-Office-for-the-Arts-1200x1000-1-496x413.jpg 496w, https:\/\/www.bu.edu\/cfa\/files\/2026\/08\/BU-Office-for-the-Arts-1200x1000-1-750x624.jpg 750w, https:\/\/www.bu.edu\/cfa\/files\/2026\/08\/BU-Office-for-the-Arts-1200x1000-1-992x826.jpg 992w\" sizes=\"(max-width: 1200px) 100vw, 1200px\" \/><div class=\"wp-block-cover__inner-container\">\n<h4>2026 Fall Arts Fair<\/h4>\n\n\n\n<p><strong><strong><strong>September 4, 2026<\/strong><\/strong><\/strong><\/p>\n\n\n\n<p><strong><strong><strong>George Sherman Union Plaza<\/strong><\/strong><\/strong><\/p>\n\n\n\n<p class=\"has-small-font-size\">Join the BU Office for the Arts, BU arts programs, academic units, and Boston-area arts organizations \u2013 from ICA\/Boston to Boston Symphony Orchestra to Innovate@BU \u2013 on the GSU Plaza to explore all that BU and Boston have to offer!  Look for discounts, special offers, opportunities, and more! At the fair, get quick custom portraits done by local artist Sabrina Dorsainvil and enter a raffle to win a $75 Coolidge Corner Theatre gift card!<\/p>\n\n\n\n<p><\/p>\n\n\n\n<p><a class=\"wp-block-button wp-block-bu-button news-block-button has-tertiary-theme is-style-default\" href=\"https:\/\/www.bu.edu\/arts\/experience\/fall-arts-fair\/\">learn more<\/a><\/p>\n\n\n\n<div style=\"height:15px\" aria-hidden=\"true\" class=\"wp-block-spacer\"><\/div>\n<\/div><\/div>\n\n\n\n<div style=\"height:7px\" aria-hidden=\"true\" class=\"wp-block-spacer\"><\/div>\n<\/div>\n<\/div>\n\n\n\n<div class=\"wp-block-columns alignwide\">\n<div class=\"wp-block-column\">\n<div class=\"wp-block-cover has-background-dim\"><img loading=\"lazy\" width=\"600\" height=\"400\" class=\"wp-block-cover__image-background wp-image-132017\" alt=\"\" src=\"\/cfa\/files\/2026\/07\/The-Seven-Deadly-Sins-Opera-600x400-1.png\" data-object-fit=\"cover\" srcset=\"https:\/\/www.bu.edu\/cfa\/files\/2026\/07\/The-Seven-Deadly-Sins-Opera-600x400-1.png 600w, https:\/\/www.bu.edu\/cfa\/files\/2026\/07\/The-Seven-Deadly-Sins-Opera-600x400-1-450x300.png 450w\" sizes=\"(max-width: 600px) 100vw, 600px\" \/><div class=\"wp-block-cover__inner-container\">\n<h4>The Seven Deadly Sins<\/h4>\n\n\n\n<p><strong>October 9 &#8211; 11, 2026<\/strong><\/p>\n\n\n\n<p><strong>Studio ONE<\/strong><\/p>\n\n\n\n<p class=\"has-small-font-size\">Presented by Boston University Opera Institute and School of Theatre as part of the 2026 Fringe Festival. Kurt Weill and Bertolt Brecht\u2019s provocative collaboration blends biting satire, cabaret, and unforgettable music in a theatrical journey through ambition, morality, and the price of success. This daring Fringe Festival production invites audiences into an intimate exploration of one of the twentieth century\u2019s most compelling musical dramas.<\/p>\n\n\n\n<p><a class=\"wp-block-button wp-block-bu-button news-block-button has-quaternary-theme is-style-default\" href=\"https:\/\/www.bu.edu\/cfa\/music\/opera\/fringe-festival\/\">learn more<\/a><\/p>\n<\/div><\/div>\n\n\n\n<div style=\"height:7px\" aria-hidden=\"true\" class=\"wp-block-spacer\"><\/div>\n<\/div>\n\n\n\n<div class=\"wp-block-column\">\n<div class=\"wp-block-cover has-background-dim\"><img loading=\"lazy\" width=\"2000\" height=\"1335\" class=\"wp-block-cover__image-background wp-image-132798\" alt=\"\" src=\"\/cfa\/files\/2026\/08\/Random-Actor-Wheelock-AI-Forun.jpg\" data-object-fit=\"cover\" srcset=\"https:\/\/www.bu.edu\/cfa\/files\/2026\/08\/Random-Actor-Wheelock-AI-Forun.jpg 2000w, https:\/\/www.bu.edu\/cfa\/files\/2026\/08\/Random-Actor-Wheelock-AI-Forun-636x425.jpg 636w, https:\/\/www.bu.edu\/cfa\/files\/2026\/08\/Random-Actor-Wheelock-AI-Forun-1024x684.jpg 1024w, https:\/\/www.bu.edu\/cfa\/files\/2026\/08\/Random-Actor-Wheelock-AI-Forun-768x512.jpg 768w, https:\/\/www.bu.edu\/cfa\/files\/2026\/08\/Random-Actor-Wheelock-AI-Forun-1536x1025.jpg 1536w, https:\/\/www.bu.edu\/cfa\/files\/2026\/08\/Random-Actor-Wheelock-AI-Forun-1498x1000.jpg 1498w, https:\/\/www.bu.edu\/cfa\/files\/2026\/08\/Random-Actor-Wheelock-AI-Forun-900x600.jpg 900w, https:\/\/www.bu.edu\/cfa\/files\/2026\/08\/Random-Actor-Wheelock-AI-Forun-450x300.jpg 450w, https:\/\/www.bu.edu\/cfa\/files\/2026\/08\/Random-Actor-Wheelock-AI-Forun-600x400.jpg 600w\" sizes=\"(max-width: 2000px) 100vw, 2000px\" \/><div class=\"wp-block-cover__inner-container\">\n<h4>Living Jazz<\/h4>\n\n\n\n<p><strong><strong><strong><strong>October 17 &#8211; 18, 2026<\/strong><\/strong><\/strong><\/strong><\/p>\n\n\n\n<p><strong><strong><strong><strong>Joan &amp; Edgar Booth Theatre<\/strong><\/strong><\/strong><\/strong><\/p>\n\n\n\n<p class=\"has-small-font-size\"><meta charset=\"utf-8\">Fusing spoken text, voice and a wide variety of theatrical movement approaches with embodied images inspired by the the Smithsonian Institution&#8217;s acclaimed anthology, Seeing Jazz.&nbsp;<em>Living Jazz<\/em>&nbsp;takes place in an abandoned Jazz Club where the spirits of the afterlife convene to re-activate physical stories and remembrances of  how their former life moved them and how the elements of jazz\u2014rhythm, improvisation and call and response\u2013 exist within them.<\/p>\n\n\n\n<p><a class=\"wp-block-button wp-block-bu-button news-block-button has-secondary-theme is-style-default\" href=\"https:\/\/www.bu.edu\/cfa\/theatre\/season\/\">learn more<\/a><\/p>\n<\/div><\/div>\n\n\n\n<div style=\"height:7px\" aria-hidden=\"true\" class=\"wp-block-spacer\"><\/div>\n<\/div>\n\n\n\n<div class=\"wp-block-column\">\n<div class=\"wp-block-cover has-background-dim\"><img loading=\"lazy\" width=\"600\" height=\"400\" class=\"wp-block-cover__image-background wp-image-132018\" alt=\"\" src=\"\/cfa\/files\/2026\/07\/Vinkensport-Opera-600x400-1.png\" data-object-fit=\"cover\" srcset=\"https:\/\/www.bu.edu\/cfa\/files\/2026\/07\/Vinkensport-Opera-600x400-1.png 600w, https:\/\/www.bu.edu\/cfa\/files\/2026\/07\/Vinkensport-Opera-600x400-1-450x300.png 450w\" sizes=\"(max-width: 600px) 100vw, 600px\" \/><div class=\"wp-block-cover__inner-container\">\n<h4>Vinkensport<\/h4>\n\n\n\n<p><strong><strong>October 23 \u2013 25, 2026<\/strong><\/strong><\/p>\n\n\n\n<p><strong><strong>Studio ONE<\/strong><\/strong><\/p>\n\n\n\n<p class=\"has-small-font-size\">One of two 2026 Fringe Festival operas. A motley assortment of contestants participate in a Belgian folk competition that pits chaffinches (and their owners) against each other in a battle to see who has the most melodious bird, and draws out deception, deep-seated rivalries, painful loneliness, and blossoming romance. David T. Little, composer \u2022 Royce Vavrek, librettist \u2022 Allison Voth, music director \u2022&nbsp;Lauren Lenz, stage director \u2022 Ian Henscheid (CFA\u201927), conductor<\/p>\n\n\n\n<p><a class=\"wp-block-button wp-block-bu-button news-block-button has-tertiary-theme is-style-default\" href=\"https:\/\/www.bu.edu\/cfa\/music\/opera\/fringe-festival\/\">learn more<\/a><\/p>\n<\/div><\/div>\n\n\n\n<div style=\"height:7px\" aria-hidden=\"true\" class=\"wp-block-spacer\"><\/div>\n<\/div>\n<\/div>\n\n\n\n<div class=\"wp-block-columns alignwide\">\n<div class=\"wp-block-column\">\n<div class=\"wp-block-cover has-background-dim\"><img loading=\"lazy\" width=\"600\" height=\"400\" class=\"wp-block-cover__image-background wp-image-133194\" alt=\"\" src=\"\/cfa\/files\/2026\/08\/20250301_Open-Studio-33-1-600x400-2.jpg\" style=\"object-position:83% 46%\" data-object-fit=\"cover\" data-object-position=\"83% 46%\" srcset=\"https:\/\/www.bu.edu\/cfa\/files\/2026\/08\/20250301_Open-Studio-33-1-600x400-2.jpg 600w, https:\/\/www.bu.edu\/cfa\/files\/2026\/08\/20250301_Open-Studio-33-1-600x400-2-450x300.jpg 450w\" sizes=\"(max-width: 600px) 100vw, 600px\" \/><div class=\"wp-block-cover__inner-container\">\n<h4>MFA Artists Open Studios<\/h4>\n\n\n\n<p><strong><strong><strong><strong>October 24, 2026<\/strong><\/strong><\/strong><\/strong><\/p>\n\n\n\n<p><strong><strong><strong><strong>808 Commonwealth Ave<\/strong><\/strong><\/strong><\/strong><meta charset=\"utf-8\"><\/p>\n\n\n\n<p class=\"has-small-font-size\">Boston University College of Fine Arts School of Visual Arts, Massachusetts College of Art and Design, and the School of the Museum of Fine Arts at Tufts University present a cross-campus\/city open studio day for a unique opportunity to go behind the scenes, meet working artists, and celebrate Boston\u2019s vibrant student art community.<\/p>\n\n\n\n<p><a class=\"wp-block-button wp-block-bu-button news-block-button has-primary-theme is-style-default\" href=\"https:\/\/www.bu.edu\/cfa\/news\/calendar\/?eid=320370\">learn more<\/a><\/p>\n<\/div><\/div>\n\n\n\n<div style=\"height:7px\" aria-hidden=\"true\" class=\"wp-block-spacer\"><\/div>\n<\/div>\n\n\n\n<div class=\"wp-block-column\">\n<div class=\"wp-block-cover has-background-dim\"><img loading=\"lazy\" width=\"1252\" height=\"856\" class=\"wp-block-cover__image-background wp-image-110937\" alt=\"\" src=\"\/cfa\/files\/2024\/06\/The-Hot-L-Baltimore-4.png\" style=\"object-position:83% 46%\" data-object-fit=\"cover\" data-object-position=\"83% 46%\" srcset=\"https:\/\/www.bu.edu\/cfa\/files\/2024\/06\/The-Hot-L-Baltimore-4.png 1252w, https:\/\/www.bu.edu\/cfa\/files\/2024\/06\/The-Hot-L-Baltimore-4-636x435.png 636w, https:\/\/www.bu.edu\/cfa\/files\/2024\/06\/The-Hot-L-Baltimore-4-1024x700.png 1024w, https:\/\/www.bu.edu\/cfa\/files\/2024\/06\/The-Hot-L-Baltimore-4-768x525.png 768w\" sizes=\"(max-width: 1252px) 100vw, 1252px\" \/><div class=\"wp-block-cover__inner-container\">\n<h4>The Sign in Sidney Brustein&#8217;s Window<\/h4>\n\n\n\n<p><strong><strong><strong><strong>November 5 &#8211; 7, 2026<\/strong><\/strong><\/strong><\/strong><\/p>\n\n\n\n<p><strong><strong><strong><strong>Studio ONE<\/strong><\/strong><\/strong><\/strong><meta charset=\"utf-8\"><\/p>\n\n\n\n<p class=\"has-small-font-size\">Set amidst a stormy political campaign in 1960s Greenwich Village, Lorraine Hansberry\u2019s funny and poignant play, directed by Jasmine Brooks (CFA\u201918), examines morality, ethics, interracial relationships, drugs, rebellion, conformity, global responsibility, and the fragility of love. Part of the 2026 Fringe Festival.<\/p>\n\n\n\n<p><a class=\"wp-block-button wp-block-bu-button news-block-button has-secondary-theme is-style-default\" href=\"https:\/\/www.bu.edu\/cfa\/theatre\/season\/\">learn more<\/a><\/p>\n<\/div><\/div>\n\n\n\n<div style=\"height:7px\" aria-hidden=\"true\" class=\"wp-block-spacer\"><\/div>\n<\/div>\n\n\n\n<div class=\"wp-block-column\">\n<div class=\"wp-block-cover has-background-dim\"><img loading=\"lazy\" width=\"1000\" height=\"1379\" class=\"wp-block-cover__image-background wp-image-132935\" alt=\"\" src=\"\/cfa\/files\/2026\/08\/Rep-Poster-Phoenix.webp\" style=\"object-position:63% 36%\" data-object-fit=\"cover\" data-object-position=\"63% 36%\" srcset=\"https:\/\/www.bu.edu\/cfa\/files\/2026\/08\/Rep-Poster-Phoenix.webp 1000w, https:\/\/www.bu.edu\/cfa\/files\/2026\/08\/Rep-Poster-Phoenix-461x636.webp 461w, https:\/\/www.bu.edu\/cfa\/files\/2026\/08\/Rep-Poster-Phoenix-743x1024.webp 743w, https:\/\/www.bu.edu\/cfa\/files\/2026\/08\/Rep-Poster-Phoenix-768x1059.webp 768w, https:\/\/www.bu.edu\/cfa\/files\/2026\/08\/Rep-Poster-Phoenix-725x1000.webp 725w\" sizes=\"(max-width: 1000px) 100vw, 1000px\" \/><div class=\"wp-block-cover__inner-container\">\n<h4>White Phoenix<\/h4>\n\n\n\n<p><strong>November 5 &#8211; 22, 2026<\/strong><\/p>\n\n\n\n<p><strong>Boston Playwrights&#8217; Theatre<\/strong><\/p>\n\n\n\n<p class=\"has-small-font-size\">By Yide Cai, directed by Dmitry Troyanovsky. An epic family drama that spans decades and continents, told by two actors in one room. Li CunYi is a Chinese orphan who makes a promise to reunite with his sister who is adopted by an American family. As CunYi grows into adulthood in China, he becomes involved with the daughter of a powerful political family, who both aids and manipulates the search for his sister.<\/p>\n\n\n\n<p><a class=\"wp-block-button wp-block-bu-button news-block-button has-tertiary-theme is-style-default\" href=\"https:\/\/www.bostonplaywrights.org\/our-26-27-season#whitephoenix\">learn more<\/a><\/p>\n<\/div><\/div>\n\n\n\n<div style=\"height:7px\" aria-hidden=\"true\" class=\"wp-block-spacer\"><\/div>\n<\/div>\n<\/div>\n\n\n\n<div class=\"wp-block-columns alignwide\">\n<div class=\"wp-block-column\">\n<div class=\"wp-block-cover has-background-dim\"><img loading=\"lazy\" width=\"600\" height=\"400\" class=\"wp-block-cover__image-background wp-image-132542\" alt=\"\" src=\"\/cfa\/files\/2026\/07\/Directors-Project-2-600x400-1.jpg\" style=\"object-position:63% 36%\" data-object-fit=\"cover\" data-object-position=\"63% 36%\" srcset=\"https:\/\/www.bu.edu\/cfa\/files\/2026\/07\/Directors-Project-2-600x400-1.jpg 600w, https:\/\/www.bu.edu\/cfa\/files\/2026\/07\/Directors-Project-2-600x400-1-450x300.jpg 450w\" sizes=\"(max-width: 600px) 100vw, 600px\" \/><div class=\"wp-block-cover__inner-container\">\n<h4>Theater(re) by Durang<\/h4>\n\n\n\n<p><strong>November 8 &#8211; 14, 2026<\/strong><\/p>\n\n\n\n<p><strong>CFA 105<\/strong><\/p>\n\n\n\n<p class=\"has-small-font-size\">An evening of comedic short plays by the acclaimed playwright Christopher Durang, directed by Jim Fagan III.<\/p>\n\n\n\n<ul class=\"has-small-font-size\"><li><em><em>Wanda\u2019s Visit<\/em><\/em><\/li><li><em><em>Medea, Phyllis and Xenobia<\/em><\/em><\/li><li><em><em>Women in a Playground<\/em><\/em><\/li><li><em><em>The Actors Nightmare<\/em><\/em><\/li><li><em><em>Diversions<\/em><\/em><\/li><\/ul>\n\n\n\n<p><a class=\"wp-block-button wp-block-bu-button news-block-button has-quaternary-theme is-style-default\" href=\"https:\/\/www.bu.edu\/cfa\/theatre\/season\/\">learn more<\/a><\/p>\n<\/div><\/div>\n\n\n\n<div style=\"height:7px\" aria-hidden=\"true\" class=\"wp-block-spacer\"><\/div>\n<\/div>\n\n\n\n<div class=\"wp-block-column\">\n<div class=\"wp-block-cover has-background-dim\"><img loading=\"lazy\" width=\"600\" height=\"401\" class=\"wp-block-cover__image-background wp-image-133267\" alt=\"\" src=\"\/cfa\/files\/2026\/08\/Symphony-Orchestra-600x400-1.jpg\" style=\"object-position:63% 36%\" data-object-fit=\"cover\" data-object-position=\"63% 36%\" srcset=\"https:\/\/www.bu.edu\/cfa\/files\/2026\/08\/Symphony-Orchestra-600x400-1.jpg 600w, https:\/\/www.bu.edu\/cfa\/files\/2026\/08\/Symphony-Orchestra-600x400-1-450x300.jpg 450w\" sizes=\"(max-width: 600px) 100vw, 600px\" \/><div class=\"wp-block-cover__inner-container\">\n<h4>Boston University Symphony Orchestra &amp; Choirs Perform Works by Elfrida Andr\u00e9e<\/h4>\n\n\n\n<p><strong>November 9, 2026<\/strong><\/p>\n\n\n\n<p><strong>Tsai Performance Center<\/strong><\/p>\n\n\n\n<p class=\"has-small-font-size\">Boston University College of Fine Arts School of Music presents the BU Choirs and Orchestra performing the world premiere of <em>Suffrage Cantata<\/em> and other works by Elfrida Andr\u00e9e:<em> Minuet<\/em>, <em>Varf\u00f6r och d\u00e4rf\u00f6r Overture in G Minor<\/em>, <em>Svanen &amp; Til N\u00e4ktergalen<\/em>.<\/p>\n\n\n\n<p><a class=\"wp-block-button wp-block-bu-button news-block-button has-tertiary-theme is-style-default\" href=\"https:\/\/www.bu.edu\/cfa\/theatre\/season\/\">learn more<\/a><\/p>\n<\/div><\/div>\n\n\n\n<div style=\"height:7px\" aria-hidden=\"true\" class=\"wp-block-spacer\"><\/div>\n<\/div>\n\n\n\n<div class=\"wp-block-column\">\n<div class=\"wp-block-cover has-background-dim\"><img loading=\"lazy\" width=\"750\" height=\"1034\" class=\"wp-block-cover__image-background wp-image-132941\" alt=\"\" src=\"\/cfa\/files\/2026\/08\/Rep-Poster-Jessica.webp\" style=\"object-position:53% 52%\" data-object-fit=\"cover\" data-object-position=\"53% 52%\" srcset=\"https:\/\/www.bu.edu\/cfa\/files\/2026\/08\/Rep-Poster-Jessica.webp 750w, https:\/\/www.bu.edu\/cfa\/files\/2026\/08\/Rep-Poster-Jessica-461x636.webp 461w, https:\/\/www.bu.edu\/cfa\/files\/2026\/08\/Rep-Poster-Jessica-743x1024.webp 743w, https:\/\/www.bu.edu\/cfa\/files\/2026\/08\/Rep-Poster-Jessica-725x1000.webp 725w\" sizes=\"(max-width: 750px) 100vw, 750px\" \/><div class=\"wp-block-cover__inner-container\">\n<h4>Jessica of Venice<\/h4>\n\n\n\n<p><strong><strong>November 12 &#8211; 22, 2026<\/strong><\/strong><\/p>\n\n\n\n<p><strong><strong>Boston Playwrights&#8217; Theatre<\/strong><\/strong><\/p>\n\n\n\n<p class=\"has-small-font-size\">By Rachel Beth Greene, directed by Josh Glenn-Kayden. A group of Orthodox Jewish schoolgirls discover a banned copy of <em>The Merchant of Venice<\/em> and become fascinated with Jessica, the rebellious runaway daughter. Most enamored of all is the discontented Shaina, who dreams of a big world just beyond her community.<em> JESSICA OF VENICE<\/em> asks what it takes to rip yourself from the home that made you, and what \u2013 or who \u2013 you destroy on your way out.<\/p>\n\n\n\n<p><a class=\"wp-block-button wp-block-bu-button news-block-button has-secondary-theme is-style-default\" href=\"https:\/\/www.bostonplaywrights.org\/our-26-27-season#jessica\">learn more<\/a><\/p>\n<\/div><\/div>\n\n\n\n<div style=\"height:7px\" aria-hidden=\"true\" class=\"wp-block-spacer\"><\/div>\n<\/div>\n<\/div>\n\n\n\n<div class=\"wp-block-columns alignwide\">\n<div class=\"wp-block-column\">\n<div class=\"wp-block-cover has-background-dim\"><img loading=\"lazy\" width=\"1083\" height=\"800\" class=\"wp-block-cover__image-background wp-image-130998\" alt=\"\" src=\"\/cfa\/files\/2026\/06\/Flowers-For-Mrs-Harris_Ailsa-Smith-187.jpg\" style=\"object-position:53% 52%\" data-object-fit=\"cover\" data-object-position=\"53% 52%\" srcset=\"https:\/\/www.bu.edu\/cfa\/files\/2026\/06\/Flowers-For-Mrs-Harris_Ailsa-Smith-187.jpg 1083w, https:\/\/www.bu.edu\/cfa\/files\/2026\/06\/Flowers-For-Mrs-Harris_Ailsa-Smith-187-636x470.jpg 636w, https:\/\/www.bu.edu\/cfa\/files\/2026\/06\/Flowers-For-Mrs-Harris_Ailsa-Smith-187-1024x756.jpg 1024w, https:\/\/www.bu.edu\/cfa\/files\/2026\/06\/Flowers-For-Mrs-Harris_Ailsa-Smith-187-768x567.jpg 768w\" sizes=\"(max-width: 1083px) 100vw, 1083px\" \/><div class=\"wp-block-cover__inner-container\">\n<h4>Violet<\/h4>\n\n\n\n<p><strong><strong>November 18 &#8211; 22, 2026<\/strong><\/strong><\/p>\n\n\n\n<p><strong><strong>Joan &amp; Edgar Booth Theatre<\/strong><\/strong><\/p>\n\n\n\n<p class=\"has-small-font-size\">This multi-award-winning musical follows a scarred woman who embarks on a cross-country bus trip to be healed by a minister\u2026 discovering the true meaning of beauty along the way. <\/p>\n\n\n\n<p class=\"has-small-font-size\">Based on the short story \u201cThe Ugly Pilgrim\u201d by Doris Betts \u2022 Music by Jeanine Tesori \u2022 Book &amp; Lyrics by Brian Crawley \u2022 Directed by Shira Helena Gitlin (CFA\u201927) \u2022 Music Direction by Harry Castle<\/p>\n\n\n\n<p><a class=\"wp-block-button wp-block-bu-button news-block-button has-primary-theme is-style-default\" href=\"https:\/\/www.bu.edu\/cfa\/theatre\/season\/\">learn more<\/a><\/p>\n<\/div><\/div>\n\n\n\n<div style=\"height:7px\" aria-hidden=\"true\" class=\"wp-block-spacer\"><\/div>\n<\/div>\n\n\n\n<div class=\"wp-block-column\">\n<div class=\"wp-block-cover has-background-dim\"><img loading=\"lazy\" width=\"600\" height=\"400\" class=\"wp-block-cover__image-background wp-image-133192\" alt=\"\" src=\"\/cfa\/files\/2026\/08\/MICE-2024-28-2-600x400-1.jpg\" style=\"object-position:53% 52%\" data-object-fit=\"cover\" data-object-position=\"53% 52%\" srcset=\"https:\/\/www.bu.edu\/cfa\/files\/2026\/08\/MICE-2024-28-2-600x400-1.jpg 600w, https:\/\/www.bu.edu\/cfa\/files\/2026\/08\/MICE-2024-28-2-600x400-1-450x300.jpg 450w\" sizes=\"(max-width: 600px) 100vw, 600px\" \/><div class=\"wp-block-cover__inner-container\">\n<h4>Massachusetts Independent Comics Expo<\/h4>\n\n\n\n<p><strong><strong>December 5 &#8211; 6, 2026<\/strong><\/strong><\/p>\n\n\n\n<p><strong><strong>808 Gallery, Howard Thurman Center<\/strong><\/strong><\/p>\n\n\n\n<p class=\"has-small-font-size\">BU School of Visual Arts hosts the Massachusetts Independent Comics Expo, New England\u2019s premiere event dedicated to the exciting and accessible art form of independent comics and graphic novels. MICE hosts hundreds of independent comics artists, small press publishers, hands-on workshops, and inclusive panel discussions.<\/p>\n\n\n\n<p><a class=\"wp-block-button wp-block-bu-button news-block-button has-tertiary-theme is-style-default\" href=\"https:\/\/www.bu.edu\/cfa\/news\/calendar\/?eid=320372\">learn more<\/a><\/p>\n<\/div><\/div>\n\n\n\n<div style=\"height:7px\" aria-hidden=\"true\" class=\"wp-block-spacer\"><\/div>\n<\/div>\n\n\n\n<div class=\"wp-block-column\">\n<div class=\"wp-block-cover has-background-dim\"><img loading=\"lazy\" width=\"750\" height=\"1034\" class=\"wp-block-cover__image-background wp-image-132945\" alt=\"\" src=\"\/cfa\/files\/2026\/08\/Rep-Poster-Roswell.webp\" style=\"object-position:53% 52%\" data-object-fit=\"cover\" data-object-position=\"53% 52%\" srcset=\"https:\/\/www.bu.edu\/cfa\/files\/2026\/08\/Rep-Poster-Roswell.webp 750w, https:\/\/www.bu.edu\/cfa\/files\/2026\/08\/Rep-Poster-Roswell-461x636.webp 461w, https:\/\/www.bu.edu\/cfa\/files\/2026\/08\/Rep-Poster-Roswell-743x1024.webp 743w, https:\/\/www.bu.edu\/cfa\/files\/2026\/08\/Rep-Poster-Roswell-725x1000.webp 725w\" sizes=\"(max-width: 750px) 100vw, 750px\" \/><div class=\"wp-block-cover__inner-container\">\n<h4>Roswell<\/h4>\n\n\n\n<p><strong><strong>February 18 &#8211; March 7, 202<\/strong>7<\/strong><\/p>\n\n\n\n<p><strong><strong>Boston Playwrights&#8217; Theatre<\/strong><\/strong><\/p>\n\n\n\n<p class=\"has-small-font-size\">By Gabrielle Franklin, directed by Taylor Stark. Lauryn \u2013 government operative, veteran, almost astronaut \u2013 has been working to bring aliens back to Roswell. With a brilliant but marginalized physicist, she identifies a human medium whose body can be used as a container for the alien\u2019s entrance: Guadalupe, whose family is facing eviction.  This sci-fi thriller explores what it means to feel foreign in a place where you should be at home.<\/p>\n\n\n\n<p><a class=\"wp-block-button wp-block-bu-button news-block-button has-primary-theme is-style-default\" href=\"https:\/\/www.bostonplaywrights.org\/our-26-27-season#roswell\">learn more<\/a><\/p>\n<\/div><\/div>\n\n\n\n<div style=\"height:7px\" aria-hidden=\"true\" class=\"wp-block-spacer\"><\/div>\n<\/div>\n<\/div>\n\n\n\n<div class=\"wp-block-columns alignwide\">\n<div class=\"wp-block-column\">\n<div class=\"wp-block-cover has-background-dim-70 has-background-dim\"><img loading=\"lazy\" width=\"750\" height=\"1034\" class=\"wp-block-cover__image-background wp-image-132946\" alt=\"\" src=\"\/cfa\/files\/2026\/08\/Rep-Poster-Parallel.webp\" style=\"object-position:53% 52%\" data-object-fit=\"cover\" data-object-position=\"53% 52%\" srcset=\"https:\/\/www.bu.edu\/cfa\/files\/2026\/08\/Rep-Poster-Parallel.webp 750w, https:\/\/www.bu.edu\/cfa\/files\/2026\/08\/Rep-Poster-Parallel-461x636.webp 461w, https:\/\/www.bu.edu\/cfa\/files\/2026\/08\/Rep-Poster-Parallel-743x1024.webp 743w, https:\/\/www.bu.edu\/cfa\/files\/2026\/08\/Rep-Poster-Parallel-725x1000.webp 725w\" sizes=\"(max-width: 750px) 100vw, 750px\" \/><div class=\"wp-block-cover__inner-container\">\n<h4>Parallel Play<\/h4>\n\n\n\n<p><strong><strong>February 25 &#8211; March 7, 202<\/strong><\/strong>7<\/p>\n\n\n\n<p><strong><strong>Boston Playwrights&#8217; Theatre<\/strong><\/strong><\/p>\n\n\n\n<p class=\"has-small-font-size\">By Fintan Bracken, directed by Carla Mirabal Rodr\u00edguez. Rebecca drops by her twin sister Ruth\u2019s house for an impromptu visit \u2013 which is, of course, totally unrelated to the fact that Ruth just returned from the hospital after attempting suicide. But when she finds Ruth shacked up with an eccentric stranger she met on her trip to the psych ward, Rebecca stays longer than she planned. A play about what it means to be alive, and what it means to keep going \u2013 or not.<\/p>\n\n\n\n<p><a class=\"wp-block-button wp-block-bu-button news-block-button has-quaternary-theme is-style-default\" href=\"https:\/\/www.bostonplaywrights.org\/our-26-27-season#parallel\">learn more<\/a><\/p>\n<\/div><\/div>\n\n\n\n<div style=\"height:7px\" aria-hidden=\"true\" class=\"wp-block-spacer\"><\/div>\n<\/div>\n\n\n\n<div class=\"wp-block-column\">\n<div class=\"wp-block-cover has-background-dim\"><img loading=\"lazy\" width=\"1500\" height=\"2250\" class=\"wp-block-cover__image-background wp-image-129025\" alt=\"\" src=\"\/cfa\/files\/2026\/03\/Carnegie-Hall-Performance-2026-41.jpg\" style=\"object-position:37% 47%\" data-object-fit=\"cover\" data-object-position=\"37% 47%\" srcset=\"https:\/\/www.bu.edu\/cfa\/files\/2026\/03\/Carnegie-Hall-Performance-2026-41.jpg 1500w, https:\/\/www.bu.edu\/cfa\/files\/2026\/03\/Carnegie-Hall-Performance-2026-41-424x636.jpg 424w, https:\/\/www.bu.edu\/cfa\/files\/2026\/03\/Carnegie-Hall-Performance-2026-41-683x1024.jpg 683w, https:\/\/www.bu.edu\/cfa\/files\/2026\/03\/Carnegie-Hall-Performance-2026-41-768x1152.jpg 768w, https:\/\/www.bu.edu\/cfa\/files\/2026\/03\/Carnegie-Hall-Performance-2026-41-1024x1536.jpg 1024w, https:\/\/www.bu.edu\/cfa\/files\/2026\/03\/Carnegie-Hall-Performance-2026-41-1365x2048.jpg 1365w, https:\/\/www.bu.edu\/cfa\/files\/2026\/03\/Carnegie-Hall-Performance-2026-41-667x1000.jpg 667w\" sizes=\"(max-width: 1500px) 100vw, 1500px\" \/><div class=\"wp-block-cover__inner-container\">\n<h4>BU Spotlight in New York City<\/h4>\n\n\n\n<p><strong><strong><strong><strong>March 30, 2027<\/strong><\/strong><\/strong><\/strong><\/p>\n\n\n\n<p><strong><strong><strong><strong>Weill Recital Hall at Carnegie Hall<\/strong><\/strong><\/strong><\/strong><meta charset=\"utf-8\"><\/p>\n\n\n\n<p class=\"has-small-font-size\"><meta charset=\"utf-8\">This annual concert presented by Boston University College of Fine Arts School of Music features the winners of the annual BU Spotlight competition. The concert at Carnegie Hall features a select group of&nbsp;student performers who showcase their expressive and technical gifts through a variety of short works written by some of the world\u2019s great composers. Tickets available soon.<\/p>\n\n\n\n<p><a class=\"wp-block-button wp-block-bu-button news-block-button has-tertiary-theme is-style-default\" href=\"https:\/\/www.bu.edu\/cfa\/music\/concerts-recitals\/spotlight\/\">learn more<\/a><\/p>\n<\/div><\/div>\n\n\n\n<div style=\"height:7px\" aria-hidden=\"true\" class=\"wp-block-spacer\"><\/div>\n<\/div>\n\n\n\n<div class=\"wp-block-column\">\n<div class=\"wp-block-cover has-background-dim\"><img loading=\"lazy\" width=\"1500\" height=\"1000\" class=\"wp-block-cover__image-background wp-image-129385\" alt=\"\" src=\"\/cfa\/files\/2026\/04\/BU-Symphony-Hall-2026_11.jpg\" style=\"object-position:27% 37%\" data-object-fit=\"cover\" data-object-position=\"27% 37%\" srcset=\"https:\/\/www.bu.edu\/cfa\/files\/2026\/04\/BU-Symphony-Hall-2026_11.jpg 1500w, https:\/\/www.bu.edu\/cfa\/files\/2026\/04\/BU-Symphony-Hall-2026_11-636x424.jpg 636w, https:\/\/www.bu.edu\/cfa\/files\/2026\/04\/BU-Symphony-Hall-2026_11-1024x683.jpg 1024w, https:\/\/www.bu.edu\/cfa\/files\/2026\/04\/BU-Symphony-Hall-2026_11-768x512.jpg 768w, https:\/\/www.bu.edu\/cfa\/files\/2026\/04\/BU-Symphony-Hall-2026_11-900x600.jpg 900w, https:\/\/www.bu.edu\/cfa\/files\/2026\/04\/BU-Symphony-Hall-2026_11-450x300.jpg 450w, https:\/\/www.bu.edu\/cfa\/files\/2026\/04\/BU-Symphony-Hall-2026_11-600x400.jpg 600w\" sizes=\"(max-width: 1500px) 100vw, 1500px\" \/><div class=\"wp-block-cover__inner-container\">\n<h4>Boston University at Symphony Hall<\/h4>\n\n\n\n<p><strong><strong>April 2, 2027<\/strong><\/strong><\/p>\n\n\n\n<p><strong>Boston Symphony Hall<\/strong><\/p>\n\n\n\n<p class=\"has-small-font-size\">This special evening at Boston\u2019s historic&nbsp;Symphony Hall, one of the world\u2019s most renowned concert venues, features not just one, but three of Boston University\u2019s ensembles: the Symphony Orchestra, Wind Ensemble, and Symphonic Chorus. Tickets available soon.<\/p>\n\n\n\n<p><a class=\"wp-block-button wp-block-bu-button news-block-button has-quaternary-theme is-style-default\" href=\"https:\/\/www.bu.edu\/cfa\/music\/concerts-recitals\/symphonyhall\/\">learn more<\/a><\/p>\n<\/div><\/div>\n\n\n\n<div style=\"height:7px\" aria-hidden=\"true\" class=\"wp-block-spacer\"><\/div>\n<\/div>\n<\/div>\n\n\n\n<div style=\"height:300px\" aria-hidden=\"true\" class=\"wp-block-spacer alignfull has-secondary-background-color overlap-top-250\"><\/div>\n\n\n\n<div style=\"height:30px\" aria-hidden=\"true\" class=\"wp-block-spacer\"><\/div>\n\n\n\n<div class=\"wp-block-group alignwide\"><div class=\"wp-block-group__inner-container\">\n<div style=\"height:5px\" aria-hidden=\"true\" class=\"wp-block-spacer\"><\/div>\n<\/div><\/div>\n\n\n\n<h2 class=\"alignfull has-text-align-center has-white-color has-black-background-color has-text-color has-background\">Past Events<\/h2>\n\n\n\n<div class=\"wp-block-columns alignwide\">\n<div class=\"wp-block-column\">\n<div class=\"wp-block-cover has-background-dim\"><img loading=\"lazy\" width=\"2293\" height=\"1720\" class=\"wp-block-cover__image-background wp-image-130391\" alt=\"\" src=\"\/cfa\/files\/2026\/05\/Right-to-the-City-BU-Art-Galleries-01.jpeg\" data-object-fit=\"cover\" srcset=\"https:\/\/www.bu.edu\/cfa\/files\/2026\/05\/Right-to-the-City-BU-Art-Galleries-01.jpeg 2293w, https:\/\/www.bu.edu\/cfa\/files\/2026\/05\/Right-to-the-City-BU-Art-Galleries-01-636x477.jpeg 636w, https:\/\/www.bu.edu\/cfa\/files\/2026\/05\/Right-to-the-City-BU-Art-Galleries-01-1024x768.jpeg 1024w, https:\/\/www.bu.edu\/cfa\/files\/2026\/05\/Right-to-the-City-BU-Art-Galleries-01-768x576.jpeg 768w, https:\/\/www.bu.edu\/cfa\/files\/2026\/05\/Right-to-the-City-BU-Art-Galleries-01-1536x1152.jpeg 1536w, https:\/\/www.bu.edu\/cfa\/files\/2026\/05\/Right-to-the-City-BU-Art-Galleries-01-2048x1536.jpeg 2048w, https:\/\/www.bu.edu\/cfa\/files\/2026\/05\/Right-to-the-City-BU-Art-Galleries-01-1333x1000.jpeg 1333w, https:\/\/www.bu.edu\/cfa\/files\/2026\/05\/Right-to-the-City-BU-Art-Galleries-01-1600x1200.jpeg 1600w\" sizes=\"(max-width: 2293px) 100vw, 2293px\" \/><div class=\"wp-block-cover__inner-container\">\n<h4>Right to the City<\/h4>\n\n\n\n<p><strong><meta charset=\"utf-8\">June 9 &#8211; August 8, 2026<\/strong><\/p>\n\n\n\n<p><strong><strong>Faye G., Jo, and James Stone Gallery<\/strong><\/strong><\/p>\n\n\n\n<p class=\"has-small-font-size\"><em><em>Right to the City&nbsp;<\/em><\/em>is an international movement combating the political, cultural, and environmental repercussions of inequitable land and property (re)development. Over the last decade, advocate and photographic ethnographer&nbsp;<a rel=\"noreferrer noopener\" href=\"https:\/\/sji.uic.edu\/profiles\/moulden-dominic\/\" target=\"_blank\">Dominic Moulden<\/a>&nbsp;(Hon.\u201925) has traversed shorelines, capturing the global resistance against displacement. Curated by academic&nbsp;Ky Vassor,&nbsp;<em>Right to the City<\/em>&nbsp;serves as a call to action, uplifting ways we can all safeguard the fundamental human right to a healthy place called home.<\/p>\n\n\n\n<p><a class=\"wp-block-button wp-block-bu-button news-block-button has-primary-theme is-style-default\" href=\"https:\/\/www.bu.edu\/cfa\/featured-work\/right-to-the-city\/\">learn more<\/a><\/p>\n<\/div><\/div>\n<\/div>\n\n\n\n<div class=\"wp-block-column\"><\/div>\n\n\n\n<div class=\"wp-block-column\"><\/div>\n<\/div>\n\n\n\n<div style=\"height:300px\" aria-hidden=\"true\" class=\"wp-block-spacer alignfull has-secondary-background-color overlap-top-250\"><\/div>\n\n\n\n<div style=\"height:30px\" aria-hidden=\"true\" class=\"wp-block-spacer\"><\/div>\n\n\n\n<div style=\"height:60px\" aria-hidden=\"true\" class=\"wp-block-spacer\"><\/div>\n\n\n\n<div class=\"wp-block-media-text alignwide has-media-on-the-right is-stacked-on-mobile is-image-fill has-tertiary-background-color has-background\"><figure class=\"wp-block-media-text__media\" style=\"background-image:url(\/cfa\/files\/2026\/04\/BU-Symphony-Hall-2026_22-1024x683.jpg);background-position:50% 50%\"><img loading=\"lazy\" width=\"1024\" height=\"683\" src=\"\/cfa\/files\/2026\/04\/BU-Symphony-Hall-2026_22-1024x683.jpg\" alt=\"\" class=\"wp-image-129409 size-full\" srcset=\"https:\/\/www.bu.edu\/cfa\/files\/2026\/04\/BU-Symphony-Hall-2026_22-1024x683.jpg 1024w, https:\/\/www.bu.edu\/cfa\/files\/2026\/04\/BU-Symphony-Hall-2026_22-636x424.jpg 636w, https:\/\/www.bu.edu\/cfa\/files\/2026\/04\/BU-Symphony-Hall-2026_22-768x512.jpg 768w, https:\/\/www.bu.edu\/cfa\/files\/2026\/04\/BU-Symphony-Hall-2026_22-900x600.jpg 900w, https:\/\/www.bu.edu\/cfa\/files\/2026\/04\/BU-Symphony-Hall-2026_22-450x300.jpg 450w, https:\/\/www.bu.edu\/cfa\/files\/2026\/04\/BU-Symphony-Hall-2026_22-600x400.jpg 600w, https:\/\/www.bu.edu\/cfa\/files\/2026\/04\/BU-Symphony-Hall-2026_22.jpg 1500w\" sizes=\"(max-width: 1024px) 100vw, 1024px\" \/><\/figure><div class=\"wp-block-media-text__content\">\n<h3 class=\"has-text-align-center\">Visit the Full Events Calendar<\/h3>\n\n\n\n<p class=\"has-text-align-center is-style-default\">There&#8217;s something happening every day at BU. In addition to featured events listed above, you can check out the <a href=\"https:\/\/www.bu.edu\/cfa\/news\/calendar\/\">complete calendar of upcoming CFA events<\/a> as well as opportunities for artists and art-lovers alike to experience <a rel=\"noreferrer noopener\" href=\"https:\/\/www.bu.edu\/calendar\/?category=arts\" target=\"_blank\">all of what Boston University has to offer<\/a>. <\/p>\n\n\n\n<p><a class=\"aligncenter wp-block-button wp-block-bu-button news-block-button is-style-accent\" href=\"https:\/\/www.bu.edu\/cfa\/news\/calendar\/\">Calendar<\/a><\/p>\n<\/div><\/div>\n\n\n\n<div style=\"height:300px\" aria-hidden=\"true\" class=\"wp-block-spacer alignfull has-tertiary-background-color overlap-top-250\"><\/div>\n\n\n\n<div style=\"height:5px\" aria-hidden=\"true\" class=\"wp-block-spacer\"><\/div>\n\n\n\n<h2 class=\"has-text-align-center\">Featured Works<\/h2>\n\n\n\n<p class=\"has-text-align-center is-style-default\">Miss an event or just want to relive the magic? Visit our collection of Featured Works, where you&#8217;ll find an in-depth look at recent exhibitions, theatrical productions, operas, concerts, and more.<\/p>\n\n\n\n<p><a class=\"aligncenter wp-block-button wp-block-bu-button news-block-button\" href=\"https:\/\/www.bu.edu\/cfa\/news\/featured-work\/\">Explore<\/a><\/p>\n\n\n\n<div style=\"height:20px\" aria-hidden=\"true\" class=\"wp-block-spacer\"><\/div>\n\n\n\n<div class=\"wp-block-editorial-photoessay news-block-editorial-photoessay alignwide wp-block-photoessay js-block-editorial-photoessay\"><div class=\"photo-row-square-s-s-s\">\n<div class=\"photo-s\"><div class=\"wp-block-photoessay-media\"><figure><img loading=\"lazy\" width=\"683\" height=\"1024\" src=\"\/cfa\/files\/2026\/04\/BU-Symphony-Hall-2026_21-683x1024.jpg\" alt=\"\" class=\"wp-image-129407\" srcset=\"https:\/\/www.bu.edu\/cfa\/files\/2026\/04\/BU-Symphony-Hall-2026_21-683x1024.jpg 683w, https:\/\/www.bu.edu\/cfa\/files\/2026\/04\/BU-Symphony-Hall-2026_21-424x636.jpg 424w, https:\/\/www.bu.edu\/cfa\/files\/2026\/04\/BU-Symphony-Hall-2026_21-768x1152.jpg 768w, https:\/\/www.bu.edu\/cfa\/files\/2026\/04\/BU-Symphony-Hall-2026_21-667x1000.jpg 667w, https:\/\/www.bu.edu\/cfa\/files\/2026\/04\/BU-Symphony-Hall-2026_21.jpg 1000w\" sizes=\"(max-width: 683px) 100vw, 683px\" \/><\/figure><\/div><\/div>\n\n\n\n<div class=\"photo-s\"><div class=\"wp-block-photoessay-media\"><figure><img loading=\"lazy\" width=\"600\" height=\"400\" src=\"\/cfa\/files\/2025\/11\/BFA-Thesis-Exhibitions-Reception-Thumbnail.jpg\" alt=\"\" class=\"wp-image-126779\" srcset=\"https:\/\/www.bu.edu\/cfa\/files\/2025\/11\/BFA-Thesis-Exhibitions-Reception-Thumbnail.jpg 600w, https:\/\/www.bu.edu\/cfa\/files\/2025\/11\/BFA-Thesis-Exhibitions-Reception-Thumbnail-450x300.jpg 450w\" sizes=\"(max-width: 600px) 100vw, 600px\" \/><\/figure><\/div><\/div>\n\n\n\n<div class=\"photo-s\"><div class=\"wp-block-photoessay-media\"><figure><img loading=\"lazy\" width=\"1024\" height=\"768\" src=\"\/cfa\/files\/2026\/06\/Flowers-For-Mrs-Harris_Ailsa-Smith-124-1024x768.jpg\" alt=\"\" class=\"wp-image-130991\" srcset=\"https:\/\/www.bu.edu\/cfa\/files\/2026\/06\/Flowers-For-Mrs-Harris_Ailsa-Smith-124-1024x768.jpg 1024w, https:\/\/www.bu.edu\/cfa\/files\/2026\/06\/Flowers-For-Mrs-Harris_Ailsa-Smith-124-636x477.jpg 636w, https:\/\/www.bu.edu\/cfa\/files\/2026\/06\/Flowers-For-Mrs-Harris_Ailsa-Smith-124-768x576.jpg 768w, https:\/\/www.bu.edu\/cfa\/files\/2026\/06\/Flowers-For-Mrs-Harris_Ailsa-Smith-124.jpg 1067w\" sizes=\"(max-width: 1024px) 100vw, 1024px\" \/><\/figure><\/div><\/div>\n<\/div><\/div>\n\n\n\n<div style=\"height:300px\" aria-hidden=\"true\" class=\"wp-block-spacer alignfull has-primary-background-color overlap-top-250\"><\/div>\n\n\n\n<h2 class=\"has-text-align-center\">Series Deep Dive<\/h2>\n\n\n\n<p class=\"has-text-align-center is-style-default\">Explore your favorite venues and mediums.<\/p>\n\n\n\n\t<div\n\t\tclass=\"wp-block-bu-collapsible js-wp-block-bu-collapsible is-open icon-style-arrows is-style-outline\"\n\t\tstyle=\"\"\n\t\tid=\"bu-collapsible-id-boston-playwrights-theatre-9be8feaa\"\n\t\tdata-default-open=\"false\"\n\t>\n\t\t<h5 class=\"bu-collapsible-heading\">\n\t\t\t\t\t\t\t<button class=\"bu-block-collapsible-toggle js-bu-block-collapsible-toggle\" id=\"bu-collapsible-id-boston-playwrights-theatre-9be8feaa-toggle\">\n\t\t\t\t\tBoston Playwrights&#8217; Theatre\t\t\t\t<\/button>\n\t\t\t\t\t<\/h5>\n\t\t\t\t<div class=\"bu-block-collapsible-content js-bu-block-collapsible-content\" id=\"bu-collapsible-id-boston-playwrights-theatre-9be8feaa-panel\">\n\t\t\t\n\n<p class=\"is-style-default\">Boston Playwrights&#8217; Theatre is the home of new plays in Boston. &#8220;We have a deep investment in Boston and Boston-adjacent artists, especially alumni and current students of Boston University\u2019s graduate Playwriting Program, whose plays will be found in each and every BPT season. We look for projects that center vital questions in the lives of those who live, work, and play in our region.&#8221;<\/p>\n\n\n\n<p><a class=\"wp-block-button wp-block-bu-button news-block-button has-secondary-theme\" href=\"https:\/\/www.bostonplaywrights.org\/our-24-25-season\">Learn More<\/a><\/p>\n\n\t\t<\/div>\n\t<\/div>\n\n\t\n\n\n\t<div\n\t\tclass=\"wp-block-bu-collapsible js-wp-block-bu-collapsible is-open icon-style-arrows is-style-outline\"\n\t\tstyle=\"\"\n\t\tid=\"bu-collapsible-id-boston-university-art-galleries-f9a04721\"\n\t\tdata-default-open=\"false\"\n\t>\n\t\t<h5 class=\"bu-collapsible-heading\">\n\t\t\t\t\t\t\t<button class=\"bu-block-collapsible-toggle js-bu-block-collapsible-toggle\" id=\"bu-collapsible-id-boston-university-art-galleries-f9a04721-toggle\">\n\t\t\t\t\tBoston University Art Galleries\t\t\t\t<\/button>\n\t\t\t\t\t<\/h5>\n\t\t\t\t<div class=\"bu-block-collapsible-content js-bu-block-collapsible-content\" id=\"bu-collapsible-id-boston-university-art-galleries-f9a04721-panel\">\n\t\t\t\n\n<p class=\"is-style-default\">BUAG is a vibrant resource of learning and cultural engagement for BU, the city of Boston, and the surrounding metro area. The galleries, which are free and open to the public, maintain ongoing rotating exhibitions that feature a wide scope of art from all ranges of mediums and artists.<\/p>\n\n\n\n<p><a class=\"wp-block-button wp-block-bu-button news-block-button has-primary-theme\" href=\"https:\/\/www.bu.edu\/cfa\/news\/bu-art-galleries\/\">Learn More &amp; Visit<\/a><\/p>\n\n\t\t<\/div>\n\t<\/div>\n\n\t\n\n\n\t<div\n\t\tclass=\"wp-block-bu-collapsible js-wp-block-bu-collapsible is-open icon-style-arrows is-style-outline\"\n\t\tstyle=\"\"\n\t\tid=\"bu-collapsible-id-boston-university-office-for-the-arts-1c21e9a8\"\n\t\tdata-default-open=\"false\"\n\t>\n\t\t<h5 class=\"bu-collapsible-heading\">\n\t\t\t\t\t\t\t<button class=\"bu-block-collapsible-toggle js-bu-block-collapsible-toggle\" id=\"bu-collapsible-id-boston-university-office-for-the-arts-1c21e9a8-toggle\">\n\t\t\t\t\tBoston University Office for the Arts\t\t\t\t<\/button>\n\t\t\t\t\t<\/h5>\n\t\t\t\t<div class=\"bu-block-collapsible-content js-bu-block-collapsible-content\" id=\"bu-collapsible-id-boston-university-office-for-the-arts-1c21e9a8-panel\">\n\t\t\t\n\n<p class=\"is-style-default\">The Boston University Office for the Arts ensures that the arts are fundamental to the student experience by developing and supporting university-wide programs to advance the role of the arts at BU through building community; supporting interdisciplinary arts teaching, learning, and research; and highlighting diverse artists and modes of artistry. BU Office for the Arts hosts a variety of arts events for BU students and the broader Boston community.<\/p>\n\n\n\n<p><a class=\"wp-block-button wp-block-bu-button news-block-button has-quaternary-theme\" href=\"https:\/\/www.bu.edu\/arts\/\">Learn More<\/a><\/p>\n\n\t\t<\/div>\n\t<\/div>\n\n\t\n\n\n\t<div\n\t\tclass=\"wp-block-bu-collapsible js-wp-block-bu-collapsible is-open icon-style-arrows is-style-outline\"\n\t\tstyle=\"\"\n\t\tid=\"bu-collapsible-id-boston-university-opera-institute-af81970b\"\n\t\tdata-default-open=\"false\"\n\t>\n\t\t<h5 class=\"bu-collapsible-heading\">\n\t\t\t\t\t\t\t<button class=\"bu-block-collapsible-toggle js-bu-block-collapsible-toggle\" id=\"bu-collapsible-id-boston-university-opera-institute-af81970b-toggle\">\n\t\t\t\t\tBoston University Opera Institute\t\t\t\t<\/button>\n\t\t\t\t\t<\/h5>\n\t\t\t\t<div class=\"bu-block-collapsible-content js-bu-block-collapsible-content\" id=\"bu-collapsible-id-boston-university-opera-institute-af81970b-panel\">\n\t\t\t\n\n<p class=\"is-style-default\">The Opera Institute is an intensive, highly selective two-year performance-based training program for emerging operatic artists. Each year, OI presents large and small-scale works across campus, including two main stage productions and the Fringe Festival. <\/p>\n\n\n\n<p><a class=\"wp-block-button wp-block-bu-button news-block-button has-tertiary-theme\" href=\"https:\/\/www.bu.edu\/cfa\/music\/opera\/season\/\">Learn more &amp; Get Tickets<\/a><\/p>\n\n\t\t<\/div>\n\t<\/div>\n\n\t\n\n\n\t<div\n\t\tclass=\"wp-block-bu-collapsible js-wp-block-bu-collapsible is-open icon-style-arrows is-style-outline\"\n\t\tstyle=\"\"\n\t\tid=\"bu-collapsible-id-fringe-festival-e491e868\"\n\t\tdata-default-open=\"false\"\n\t>\n\t\t<h5 class=\"bu-collapsible-heading\">\n\t\t\t\t\t\t\t<button class=\"bu-block-collapsible-toggle js-bu-block-collapsible-toggle\" id=\"bu-collapsible-id-fringe-festival-e491e868-toggle\">\n\t\t\t\t\tFringe Festival\t\t\t\t<\/button>\n\t\t\t\t\t<\/h5>\n\t\t\t\t<div class=\"bu-block-collapsible-content js-bu-block-collapsible-content\" id=\"bu-collapsible-id-fringe-festival-e491e868-panel\">\n\t\t\t\n\n<p class=\"is-style-default\">The annual Boston University <a href=\"https:\/\/www.bu.edu\/cfa\/music\/opera\/fringe-festival\/\">Fringe Festival<\/a>, now in its 30th season, is a collaboration between the College of Fine Arts School of Music:&nbsp;<a href=\"https:\/\/www.bu.edu\/cfa\/music\/opera\/\">Opera Institute<\/a>&nbsp;and&nbsp;<a href=\"https:\/\/www.bu.edu\/cfa\/theatre\/\">School of Theatre<\/a>. Fringe\u2019s mission is to produce new or rarely performed significant works in the opera and theatre repertoire, bringing performances and audiences together in unique theatrical settings. <\/p>\n\n\n\n<p><a class=\"wp-block-button wp-block-bu-button news-block-button has-secondary-theme\" href=\"https:\/\/www.bu.edu\/cfa\/music\/opera\/fringe-festival\/\">Learn More<\/a><\/p>\n\n\t\t<\/div>\n\t<\/div>\n\n\t\n\n\n\t<div\n\t\tclass=\"wp-block-bu-collapsible js-wp-block-bu-collapsible is-open icon-style-arrows is-style-outline\"\n\t\tstyle=\"\"\n\t\tid=\"bu-collapsible-id-joan-edgar-booth-theatre-a1429f43\"\n\t\tdata-default-open=\"false\"\n\t>\n\t\t<h5 class=\"bu-collapsible-heading\">\n\t\t\t\t\t\t\t<button class=\"bu-block-collapsible-toggle js-bu-block-collapsible-toggle\" id=\"bu-collapsible-id-joan-edgar-booth-theatre-a1429f43-toggle\">\n\t\t\t\t\tJoan &amp; Edgar Booth Theatre\t\t\t\t<\/button>\n\t\t\t\t\t<\/h5>\n\t\t\t\t<div class=\"bu-block-collapsible-content js-bu-block-collapsible-content\" id=\"bu-collapsible-id-joan-edgar-booth-theatre-a1429f43-panel\">\n\t\t\t\n\n<p class=\"is-style-default\">Boston University&#8217;s Joan &amp; Edgar Booth Theatre provides BU students with countless opportunities to experiment, innovate, and take the audience from Commonwealth Avenue to other worlds. Learn more about this season at <a href=\"https:\/\/www.bu.edu\/cfa\/venues-facilities\/joan-edgar-booth-theatre\/\">Booth<\/a>, and the full School of Theatre slate of works, at <a href=\"https:\/\/www.bu.edu\/cfa\/theatre\/season\/\">bu.edu\/cfa\/theatre\/season<\/a>. <\/p>\n\n\n\n<p><a class=\"wp-block-button wp-block-bu-button news-block-button has-secondary-theme\" href=\"https:\/\/www.bu.edu\/cfa\/venues-facilities\/joan-edgar-booth-theatre\/\">Learn More &amp; Get tickets<\/a><\/p>\n\n\t\t<\/div>\n\t<\/div>\n\n\t\n\n\n\t<div\n\t\tclass=\"wp-block-bu-collapsible js-wp-block-bu-collapsible is-open icon-style-arrows is-style-outline\"\n\t\tstyle=\"\"\n\t\tid=\"bu-collapsible-id-large-ensembles-7e4f4261\"\n\t\tdata-default-open=\"false\"\n\t>\n\t\t<h5 class=\"bu-collapsible-heading\">\n\t\t\t\t\t\t\t<button class=\"bu-block-collapsible-toggle js-bu-block-collapsible-toggle\" id=\"bu-collapsible-id-large-ensembles-7e4f4261-toggle\">\n\t\t\t\t\tLarge Ensembles\t\t\t\t<\/button>\n\t\t\t\t\t<\/h5>\n\t\t\t\t<div class=\"bu-block-collapsible-content js-bu-block-collapsible-content\" id=\"bu-collapsible-id-large-ensembles-7e4f4261-panel\">\n\t\t\t\n\n<p class=\"is-style-default\">The large ensembles at Boston University, including Symphony and Chamber Orchestras, Wind Ensemble, BU Singers, and Symphonic Chorus, play a central role in the education of the School\u2019s instrumentalists who aspire to professions as chamber musicians, ensemble musicians, teachers, or a combination of all three. <\/p>\n\n\n\n<p><a class=\"wp-block-button wp-block-bu-button news-block-button has-quaternary-theme\" href=\"https:\/\/www.bu.edu\/cfa\/music\/ensembles\/\">Learn More<\/a><\/p>\n\n\t\t<\/div>\n\t<\/div>\n\n\t\n\n\n\t<div\n\t\tclass=\"wp-block-bu-collapsible js-wp-block-bu-collapsible is-open icon-style-arrows is-style-outline\"\n\t\tstyle=\"\"\n\t\tid=\"bu-collapsible-id-school-of-visual-arts-thesis-exhibitions-2f77a8cc\"\n\t\tdata-default-open=\"false\"\n\t>\n\t\t<h5 class=\"bu-collapsible-heading\">\n\t\t\t\t\t\t\t<button class=\"bu-block-collapsible-toggle js-bu-block-collapsible-toggle\" id=\"bu-collapsible-id-school-of-visual-arts-thesis-exhibitions-2f77a8cc-toggle\">\n\t\t\t\t\tSchool of Visual Arts Thesis Exhibitions\t\t\t\t<\/button>\n\t\t\t\t\t<\/h5>\n\t\t\t\t<div class=\"bu-block-collapsible-content js-bu-block-collapsible-content\" id=\"bu-collapsible-id-school-of-visual-arts-thesis-exhibitions-2f77a8cc-panel\">\n\t\t\t\n\n<p class=\"is-style-default\">Every Spring, Boston University School of Visual Arts hosts exhibitions showcasing the work of graduating students in the undergraduate and graduate programs. Exhibitions typically are held on campus in the galleries at the College of Fine Arts, including the Faye G., Jo, and James Stone Gallery, 808 Gallery, and Commonwealth Gallery, with satellite shows throughout the School of Visual Arts facilities. <\/p>\n\n\n\n<p><a class=\"wp-block-button wp-block-bu-button news-block-button has-quaternary-theme\" href=\"https:\/\/www.bu.edu\/cfa\/visual-arts\/thesis\/\">Learn More<\/a><\/p>\n\n\t\t<\/div>\n\t<\/div>\n\n\t\n\n\n\t<div\n\t\tclass=\"wp-block-bu-collapsible js-wp-block-bu-collapsible is-open icon-style-arrows is-style-outline\"\n\t\tstyle=\"\"\n\t\tid=\"bu-collapsible-id-tuesday-night-lecture-series-5d266c0b\"\n\t\tdata-default-open=\"false\"\n\t>\n\t\t<h5 class=\"bu-collapsible-heading\">\n\t\t\t\t\t\t\t<button class=\"bu-block-collapsible-toggle js-bu-block-collapsible-toggle\" id=\"bu-collapsible-id-tuesday-night-lecture-series-5d266c0b-toggle\">\n\t\t\t\t\tTuesday Night Lecture Series\t\t\t\t<\/button>\n\t\t\t\t\t<\/h5>\n\t\t\t\t<div class=\"bu-block-collapsible-content js-bu-block-collapsible-content\" id=\"bu-collapsible-id-tuesday-night-lecture-series-5d266c0b-panel\">\n\t\t\t\n\n<p class=\"is-style-default\">Hosted by the MFA programs at Boston University School of Visual Arts, the Tuesday Night Lecture Series brings practicing artists and curators to Boston University to present their work. The series is an integral component of the MFA programs which provide two years of intensive studio practice and artistic community in the heart of Boston University\u2019s urban campus. In addition to a public lecture on their work, visiting artists meet with students for individual and group critiques as well as hands-on workshops. <\/p>\n\n\n\n<p><a class=\"wp-block-button wp-block-bu-button news-block-button has-tertiary-theme\" href=\"https:\/\/www.bu.edu\/cfa\/visual-arts\/lectures\/tnls\/\">Learn More<\/a><\/p>\n\n\t\t<\/div>\n\t<\/div>\n\n\t\n\n\n\t<div\n\t\tclass=\"wp-block-bu-collapsible js-wp-block-bu-collapsible is-open icon-style-arrows is-style-outline\"\n\t\tstyle=\"\"\n\t\tid=\"bu-collapsible-id-wheelock-family-theatre-814e5c3f\"\n\t\tdata-default-open=\"false\"\n\t>\n\t\t<h5 class=\"bu-collapsible-heading\">\n\t\t\t\t\t\t\t<button class=\"bu-block-collapsible-toggle js-bu-block-collapsible-toggle\" id=\"bu-collapsible-id-wheelock-family-theatre-814e5c3f-toggle\">\n\t\t\t\t\tWheelock Family Theatre\t\t\t\t<\/button>\n\t\t\t\t\t<\/h5>\n\t\t\t\t<div class=\"bu-block-collapsible-content js-bu-block-collapsible-content\" id=\"bu-collapsible-id-wheelock-family-theatre-814e5c3f-panel\">\n\t\t\t\n\n<p class=\"is-style-default\">Wheelock Family Theatre is one of the largest professional theaters in Boston with performances having been seen by more than one million people. Its impressive outreach to Boston and Greater Boston schools enables Wheelock Family Theatre to entertain and educate approximately 15,000 visiting schoolchildren every year, living out their mission to \u201ccreate inter-generational and multicultural productions that provide a shared experience for the whole family. Our productions celebrate the diverse range of families found in the world today and seek to unite them in the shared experience of live theatre.\u201d <\/p>\n\n\n\n<p><a class=\"wp-block-button wp-block-bu-button news-block-button has-secondary-theme\" href=\"https:\/\/www.bu.edu\/cfa\/wheelock-family-theatre\/\">Learn More<\/a><\/p>\n\n\t\t<\/div>\n\t<\/div>\n\n\t\n\n\n<div style=\"height:37px\" aria-hidden=\"true\" class=\"wp-block-spacer\"><\/div>\n\n\n\n\n\n<div style=\"height:300px\" aria-hidden=\"true\" class=\"wp-block-spacer alignfull has-tertiary-background-color overlap-top-250\"><\/div>\n","protected":false},"excerpt":{"rendered":"<p>Featured Arts Events Past Events Featured Works Miss an event or just want to relive the magic? Visit our collection of Featured Works, where you&#8217;ll find an in-depth look at recent exhibitions, theatrical productions, operas, concerts, and more. Series Deep Dive Explore your favorite venues and mediums.<\/p>\n","protected":false},"author":14125,"featured_media":131090,"comment_status":"closed","ping_status":"closed","template":"","meta":{"bu_prepress_billboard":"{\"post_id\":111160,\"hed\":\"Boston University President Melissa L. Gilliam&#8217;s Vision for the Arts at BU\",\"dek\":\"Next Article\",\"class\":\"wp-block-editorial-billboard news-block-editorial-billboard is-style-half-photo has-light-overlay has-media\",\"backgroundId\":\"111166\",\"backgroundUrl\":\"\\\/cfa\\\/files\\\/2024\\\/07\\\/24-1342-GILLIAMCRC-630-970x456.jpg\",\"backgroundType\":\"image\",\"backgroundOpacity\":\"100\"}","_bu_prepress_primary_term":"","_bu_prepress_primary_term_manual":""},"tags":[],"bu-publication":[192],"magazine-article-category":[],"magazine-topic":[],"news-article-category":[312,445,325,319,212,329,216],"news-topic":[],"bu_edition":[],"media_type":[],"_links":{"self":[{"href":"https:\/\/www.bu.edu\/cfa\/wp-json\/wp\/v2\/bu-article\/131613"}],"collection":[{"href":"https:\/\/www.bu.edu\/cfa\/wp-json\/wp\/v2\/bu-article"}],"about":[{"href":"https:\/\/www.bu.edu\/cfa\/wp-json\/wp\/v2\/types\/bu-article"}],"author":[{"embeddable":true,"href":"https:\/\/www.bu.edu\/cfa\/wp-json\/wp\/v2\/users\/14125"}],"replies":[{"embeddable":true,"href":"https:\/\/www.bu.edu\/cfa\/wp-json\/wp\/v2\/comments?post=131613"}],"version-history":[{"count":50,"href":"https:\/\/www.bu.edu\/cfa\/wp-json\/wp\/v2\/bu-article\/131613\/revisions"}],"predecessor-version":[{"id":133341,"href":"https:\/\/www.bu.edu\/cfa\/wp-json\/wp\/v2\/bu-article\/131613\/revisions\/133341"}],"wp:featuredmedia":[{"embeddable":true,"href":"https:\/\/www.bu.edu\/cfa\/wp-json\/wp\/v2\/media\/131090"}],"wp:attachment":[{"href":"https:\/\/www.bu.edu\/cfa\/wp-json\/wp\/v2\/media?parent=131613"}],"wp:term":[{"taxonomy":"post_tag","embeddable":true,"href":"https:\/\/www.bu.edu\/cfa\/wp-json\/wp\/v2\/tags?post=131613"},{"taxonomy":"bu-publication","embeddable":true,"href":"https:\/\/www.bu.edu\/cfa\/wp-json\/wp\/v2\/bu-publication?post=131613"},{"taxonomy":"magazine-article-category","embeddable":true,"href":"https:\/\/www.bu.edu\/cfa\/wp-json\/wp\/v2\/magazine-article-category?post=131613"},{"taxonomy":"magazine-topic","embeddable":true,"href":"https:\/\/www.bu.edu\/cfa\/wp-json\/wp\/v2\/magazine-topic?post=131613"},{"taxonomy":"news-article-category","embeddable":true,"href":"https:\/\/www.bu.edu\/cfa\/wp-json\/wp\/v2\/news-article-category?post=131613"},{"taxonomy":"news-topic","embeddable":true,"href":"https:\/\/www.bu.edu\/cfa\/wp-json\/wp\/v2\/news-topic?post=131613"},{"taxonomy":"bu_edition","embeddable":true,"href":"https:\/\/www.bu.edu\/cfa\/wp-json\/wp\/v2\/bu_edition?post=131613"},{"taxonomy":"media_type","embeddable":true,"href":"https:\/\/www.bu.edu\/cfa\/wp-json\/wp\/v2\/media_type?post=131613"}],"curies":[{"name":"wp","href":"https:\/\/api.w.org\/{rel}","templated":true}]}}